{"id":20456,"date":"2020-03-25T12:08:15","date_gmt":"2020-03-25T15:08:15","guid":{"rendered":"https:\/\/grupomidia.com\/quemrealiza\/?p=20456"},"modified":"2020-03-25T12:10:27","modified_gmt":"2020-03-25T15:10:27","slug":"dos-pedais-de-uma-bicicleta-a-uma-frota-que-roda-milhares-de-quilometros-todos-os-dias-a-trajetoria-de-joao-naves","status":"publish","type":"post","link":"https:\/\/grupomidia.com\/quemrealiza\/dos-pedais-de-uma-bicicleta-a-uma-frota-que-roda-milhares-de-quilometros-todos-os-dias-a-trajetoria-de-joao-naves\/","title":{"rendered":"DOS PEDAIS DA BICICLETA A UMA FROTA DE TRANSPORTES &#8211; a trajet\u00f3ria de Jo\u00e3o Naves"},"content":{"rendered":"<p><span style=\"font-weight: 400;\">\u201cDos pedais de uma bicicleta a uma frota que roda milhares de quil\u00f4metros todos os dias pelas estradas do Brasil.\u201d Esta \u00e9 a s\u00edntese da trajet\u00f3ria do Jo\u00e3o Braz Naves, homem que, quando jovem, vendia passagens para uma empresa de \u00f4nibus na Rodovi\u00e1ria de Ribeir\u00e3o Preto e hoje \u00e9 um dos empres\u00e1rios de maior destaque da cidade.\u00a0<\/span><\/p>\n<p><span style=\"font-weight: 400;\">Com vis\u00e3o empreendedora, enxergou a demanda do transporte de encomendas por meio dos \u00f4nibus e fez disso uma grande oportunidade. Mas para concretizar sua ideia, n\u00e3o tinha um ve\u00edculo motorizado \u00e0 disposi\u00e7\u00e3o. \u201cTinha somente um sonho e muita vontade de realiz\u00e1-lo\u201d, conta. Foi quando adquiriu uma bicicleta de carga, a &#8220;charmosinha&#8221;, apelido do primeiro ve\u00edculo. Era o primeiro ve\u00edculo adquirido por Jo\u00e3o Naves para fazer entregas. Para isso, constitui uma empresa: nascia a RTE Rodonaves, que come\u00e7ou a funcionar em novembro de 1980 na pr\u00f3pria rodovi\u00e1ria da cidade.<\/span><\/p>\n<p><span style=\"font-weight: 400;\">Prova de que o projeto de Jo\u00e3o Naves era promissor foi que, j\u00e1 no ano seguinte, teve condi\u00e7\u00f5es de adquirir uma Kombi modelo 1971, ampliando o atendimento em regi\u00f5es pr\u00f3ximas. Mas n\u00e3o aposentou a bicicleta, que passou a ser usada por Edson Constante, que foi o primeiro colaborador da empresa.<\/span><\/p>\n<p><span style=\"font-weight: 400;\">Em 1987, iniciou parceria com outra empresa de transporte e a RTE Rodonaves come\u00e7ava, aos poucos, expandir sua atua\u00e7\u00e3o no mercado. A empresa adquiria musculatura para atender o crescimento do n\u00famero de encomendas. \u201cE a parceria entre a RTE Rodonaves e outra empresa de transporte se transformava em sociedade. Com o crescimento da movimenta\u00e7\u00e3o de encomenda, a RTE Rodonaves mudava de um box da rodovi\u00e1ria para um pr\u00e9dio maior, localizado no bairro Vila Virg\u00ednia, em Ribeir\u00e3o Preto\u201d, relata. Parceria que foi desfeita tr\u00eas anos depois, quando a empresa voltou a ter atua\u00e7\u00e3o independente no mercado.<\/span><\/p>\n<p><span style=\"font-weight: 400;\">J\u00e1 com grande atua\u00e7\u00e3o no mercado, Jo\u00e3o Naves buscou parcerias, possibilitando atendimento de clientes no sul de Minas Gerais, al\u00e9m de iniciar expans\u00e3o em dire\u00e7\u00e3o aos estados do Paran\u00e1 e Goi\u00e1s.<\/span><\/p>\n<p><span style=\"font-weight: 400;\">Em 1997, Jo\u00e3o tamb\u00e9m enxergou a oportunidade de um novo neg\u00f3cio aliado \u00e0s necessidades dos clientes. O investimento em seguran\u00e7a formou mais uma importante parceria nesse ano, a Rodonaves Corretora de Seguros. J\u00e1 em 1998, inaugurava uma sede maior, com 14 mil metros quadrados de \u00e1rea total, situada no bairro da Lagoinha, em Ribeir\u00e3o Preto. Uma d\u00e9cada depois, a unidade matriz cresceu em sintonia com a expans\u00e3o da empresa, atingindo 35 mil metros quadrados.<\/span><\/p>\n<p><span style=\"font-weight: 400;\">Uma das caracter\u00edsticas que sempre marcou a atua\u00e7\u00e3o empresarial de Jo\u00e3o Naves foi o esp\u00edrito de empreendedorismo. Tanto que a empresa expandiu sua atua\u00e7\u00e3o para boa parte do territ\u00f3rio brasileiro ao longo dos \u00faltimos trinta anos, especialmente no Sul do pais e interior paulista. Jo\u00e3o Naves sempre buscando aproveitar, com intelig\u00eancia e arrojo, as oportunidades que a vida lhe brindou.\u00a0<\/span><\/p>\n<p><span style=\"font-weight: 400;\">Mas o seu empreendedorismo sempre foi acompanhado de investimentos constantes em sua frota, servi\u00e7os, capacita\u00e7\u00e3o e desenvolvimento de sua equipe. Um estilo de gest\u00e3o que tornou a RTE Rodonaves uma empresa com qualidade diferenciada e comprometida em atender os requisitos do cliente no transporte terrestre de cargas dedicadas e de encomendas fracionadas. \u201cE sempre baseada em uma administra\u00e7\u00e3o moderna e eficiente\u201d, diz. \u201cA pr\u00e1tica de nossos valores, somada ao investimento constante na qualifica\u00e7\u00e3o das nossas equipes, bem como o zelo constante pelo cliente, fizeram resultar na seriedade que constru\u00edmos junto ao mercado\u201d, finaliza.<\/span><\/p>\n","protected":false},"excerpt":{"rendered":"<p>\u201cDos pedais de uma bicicleta a uma frota que roda milhares de quil\u00f4metros todos os dias pelas estradas do Brasil.\u201d Esta \u00e9 a s\u00edntese da trajet\u00f3ria do Jo\u00e3o Braz Naves, homem que, quando jovem, vendia passagens para uma empresa de \u00f4nibus na Rodovi\u00e1ria de Ribeir\u00e3o Preto e hoje \u00e9 um dos empres\u00e1rios de maior destaque [&hellip;]<\/p>\n","protected":false},"author":1,"featured_media":20457,"comment_status":"closed","ping_status":"closed","sticky":true,"template":"","format":"standard","meta":{"footnotes":""},"categories":[768],"tags":[1092,160,1091,1088,1090,1089],"class_list":["post-20456","post","type-post","status-publish","format-standard","has-post-thumbnail","hentry","category-negocios","tag-empreeendedor","tag-empreendedorismo","tag-joao-naves","tag-logistica","tag-rodonaves","tag-transportes"],"wps_subtitle":"","_links":{"self":[{"href":"https:\/\/grupomidia.com\/quemrealiza\/wp-json\/wp\/v2\/posts\/20456","targetHints":{"allow":["GET"]}}],"collection":[{"href":"https:\/\/grupomidia.com\/quemrealiza\/wp-json\/wp\/v2\/posts"}],"about":[{"href":"https:\/\/grupomidia.com\/quemrealiza\/wp-json\/wp\/v2\/types\/post"}],"author":[{"embeddable":true,"href":"https:\/\/grupomidia.com\/quemrealiza\/wp-json\/wp\/v2\/users\/1"}],"replies":[{"embeddable":true,"href":"https:\/\/grupomidia.com\/quemrealiza\/wp-json\/wp\/v2\/comments?post=20456"}],"version-history":[{"count":0,"href":"https:\/\/grupomidia.com\/quemrealiza\/wp-json\/wp\/v2\/posts\/20456\/revisions"}],"wp:featuredmedia":[{"embeddable":true,"href":"https:\/\/grupomidia.com\/quemrealiza\/wp-json\/wp\/v2\/media\/20457"}],"wp:attachment":[{"href":"https:\/\/grupomidia.com\/quemrealiza\/wp-json\/wp\/v2\/media?parent=20456"}],"wp:term":[{"taxonomy":"category","embeddable":true,"href":"https:\/\/grupomidia.com\/quemrealiza\/wp-json\/wp\/v2\/categories?post=20456"},{"taxonomy":"post_tag","embeddable":true,"href":"https:\/\/grupomidia.com\/quemrealiza\/wp-json\/wp\/v2\/tags?post=20456"}],"curies":[{"name":"wp","href":"https:\/\/api.w.org\/{rel}","templated":true}]}}