{"id":20454,"date":"2020-03-24T12:57:12","date_gmt":"2020-03-24T15:57:12","guid":{"rendered":"https:\/\/grupomidia.com\/quemrealiza\/?p=20454"},"modified":"2020-03-24T12:57:12","modified_gmt":"2020-03-24T15:57:12","slug":"as-pernas-do-covid-19-e-as-licoes-da-italia","status":"publish","type":"post","link":"https:\/\/grupomidia.com\/quemrealiza\/as-pernas-do-covid-19-e-as-licoes-da-italia\/","title":{"rendered":"As pernas do Covid-19 e as li\u00e7\u00f5es da It\u00e1lia"},"content":{"rendered":"<p>O novo coronav\u00edrus n\u00e3o tem pernas; somos n\u00f3s as pernas do v\u00edrus. A rela\u00e7\u00e3o parece intuitiva, mas as consequ\u00eancias para evitar drasticamente o cont\u00e1gio das pessoas e tratar os doentes exigem aprendizado r\u00e1pido, aplica\u00e7\u00e3o assertiva dessas li\u00e7\u00f5es e disciplina de todos em seguir as orienta\u00e7\u00f5es das autoridades de Sa\u00fade.<\/p>\n<p>Meu pa\u00eds, a It\u00e1lia, est\u00e1 aprendendo a lidar com a doen\u00e7a, pagando ainda um pre\u00e7o alt\u00edssimo de centenas de mortes por dia e um sistema de sa\u00fade \u00e0 beira do colapso. Cerca de 10% dos afetados s\u00e3o m\u00e9dicos e enfermeiros, um tributo enorme dessas categorias. O que de mais valioso podemos dividir com o mundo segue a comunidade cient\u00edfica: o m\u00e1ximo isolamento \u00e9 o maior instrumento de combate ao v\u00edrus.<\/p>\n<p>A pandemia exp\u00f5e a fragilidade sanit\u00e1ria do mundo globalizado. Mas a doen\u00e7a, al\u00e9m de viajar no espa\u00e7o, viaja tamb\u00e9m no tempo. Estarmos, no Brasil, a algumas semanas do que ocorre hoje na It\u00e1lia. E isso \u00e9 uma oportunidade de aprendizado para limitar o potencial impacto em milh\u00f5es de vidas. Podemos mudar o futuro!<\/p>\n<p>A comunica\u00e7\u00e3o p\u00fablica n\u00e3o pode ultrapassar o equil\u00edbrio entre informa\u00e7\u00e3o, conscientiza\u00e7\u00e3o e p\u00e2nico. Este m\u00eas, vazou um comunicado sobre o fechamento da Lombardia, a regi\u00e3o na It\u00e1lia Setentrional mais atingida, o que provocou corrida noturna aos trens para sair da \u00e1rea. Ou seja, um erro de comunica\u00e7\u00e3o gerou aglomera\u00e7\u00e3o e deslocamento em massa, efeito contr\u00e1rio ao desejado.<\/p>\n<p>O combate \u00e0 doen\u00e7a exige di\u00e1logo e coordena\u00e7\u00e3o entre a\u00e7\u00f5es do Governo e de poderes locais. A It\u00e1lia n\u00e3o \u00e9 um pa\u00eds federal e, mesmo assim, num primeiro momento, a desarticula\u00e7\u00e3o entre regi\u00f5es e estado central criou desorienta\u00e7\u00e3o da popula\u00e7\u00e3o. O Brasil tem que tomar ainda mais cuidado nesse sentido.<\/p>\n<p>No Brasil, medidas importantes, como restri\u00e7\u00f5es a com\u00e9rcio, escolas, transportes e entretenimento, est\u00e3o sendo definidas em um est\u00e1gio muito anterior ao que aconteceu na It\u00e1lia, o que \u00e9 crucial para o controle futuro do cont\u00e1gio. Por\u00e9m, as medidas ser\u00e3o eficazes somente com a disciplina da popula\u00e7\u00e3o em limitar movimentos e deslocamentos.<\/p>\n<p>Nessa crise, as tecnologias e as telecomunica\u00e7\u00f5es s\u00e3o suporte fundamental para a manuten\u00e7\u00e3o das rela\u00e7\u00f5es profissionais, de estudo e de trabalho. Na It\u00e1lia e no Brasil, as operadoras se movimentaram para garantir a estabilidade da conectividade, a difus\u00e3o eficaz das informa\u00e7\u00f5es, a produtividade do trabalho remoto e a continuidade prof\u00edcua dos estudos.<\/p>\n<p>As redes de telecomunica\u00e7\u00f5es m\u00f3veis permitem a an\u00e1lise dos fluxos agregados e an\u00f4nimos de deslocamento de pessoas para o transporte p\u00fablico ou grandes eventos. Assim como ocorre na It\u00e1lia, seria importante adaptar, no Brasil, essas ferramentas para estudar a resposta de taxa de movimenta\u00e7\u00e3o do fluxo de pessoas \u00e0s medidas restritivas adotadas pelos governos.<\/p>\n<p>A certeza que temos \u00e9 que essa crise passar\u00e1 e deixar\u00e1 legados importantes nas rela\u00e7\u00f5es pessoais, de trabalho e de estudo. Al\u00e9m da vacina do Covid-19, teremos novos anticorpos de consci\u00eancia coletiva do impacto das nossas a\u00e7\u00f5es individuais e para o uso racional de recursos escassos, a come\u00e7ar pelo do nosso tempo. Os meios digitais s\u00e3o os aliados fundamentais dessa evolu\u00e7\u00e3o.<\/p>\n<ul>\n<li><em>Este artigo foi redigido por Mario Girasole, italiano, brasileiro e vice-presidente da TIM Brasil.<\/em><\/li>\n<\/ul>\n","protected":false},"excerpt":{"rendered":"<p>O novo coronav\u00edrus n\u00e3o tem pernas; somos n\u00f3s as pernas do v\u00edrus. A rela\u00e7\u00e3o parece intuitiva, mas as consequ\u00eancias para evitar drasticamente o cont\u00e1gio das pessoas e tratar os doentes exigem aprendizado r\u00e1pido, aplica\u00e7\u00e3o assertiva dessas li\u00e7\u00f5es e disciplina de todos em seguir as orienta\u00e7\u00f5es das autoridades de Sa\u00fade. Meu pa\u00eds, a It\u00e1lia, est\u00e1 aprendendo [&hellip;]<\/p>\n","protected":false},"author":1,"featured_media":20455,"comment_status":"closed","ping_status":"closed","sticky":true,"template":"","format":"standard","meta":{"footnotes":""},"categories":[81],"tags":[550,730,1086,213,1087,805],"class_list":["post-20454","post","type-post","status-publish","format-standard","has-post-thumbnail","hentry","category-hi-tech","tag-brasil","tag-coronavirus","tag-covid19","tag-italia","tag-telecomunicacoes","tag-tim-brasil"],"wps_subtitle":"","_links":{"self":[{"href":"https:\/\/grupomidia.com\/quemrealiza\/wp-json\/wp\/v2\/posts\/20454","targetHints":{"allow":["GET"]}}],"collection":[{"href":"https:\/\/grupomidia.com\/quemrealiza\/wp-json\/wp\/v2\/posts"}],"about":[{"href":"https:\/\/grupomidia.com\/quemrealiza\/wp-json\/wp\/v2\/types\/post"}],"author":[{"embeddable":true,"href":"https:\/\/grupomidia.com\/quemrealiza\/wp-json\/wp\/v2\/users\/1"}],"replies":[{"embeddable":true,"href":"https:\/\/grupomidia.com\/quemrealiza\/wp-json\/wp\/v2\/comments?post=20454"}],"version-history":[{"count":0,"href":"https:\/\/grupomidia.com\/quemrealiza\/wp-json\/wp\/v2\/posts\/20454\/revisions"}],"wp:featuredmedia":[{"embeddable":true,"href":"https:\/\/grupomidia.com\/quemrealiza\/wp-json\/wp\/v2\/media\/20455"}],"wp:attachment":[{"href":"https:\/\/grupomidia.com\/quemrealiza\/wp-json\/wp\/v2\/media?parent=20454"}],"wp:term":[{"taxonomy":"category","embeddable":true,"href":"https:\/\/grupomidia.com\/quemrealiza\/wp-json\/wp\/v2\/categories?post=20454"},{"taxonomy":"post_tag","embeddable":true,"href":"https:\/\/grupomidia.com\/quemrealiza\/wp-json\/wp\/v2\/tags?post=20454"}],"curies":[{"name":"wp","href":"https:\/\/api.w.org\/{rel}","templated":true}]}}