{"id":20452,"date":"2020-03-23T20:07:10","date_gmt":"2020-03-23T23:07:10","guid":{"rendered":"https:\/\/grupomidia.com\/quemrealiza\/?p=20452"},"modified":"2020-03-23T20:07:10","modified_gmt":"2020-03-23T23:07:10","slug":"proh-disponibiliza-orientacao-orientacao-medica-contabil-e-juridica-gratuita","status":"publish","type":"post","link":"https:\/\/grupomidia.com\/quemrealiza\/proh-disponibiliza-orientacao-orientacao-medica-contabil-e-juridica-gratuita\/","title":{"rendered":"PROH disponibiliza orienta\u00e7\u00e3o orienta\u00e7\u00e3o m\u00e9dica, cont\u00e1bil e jur\u00eddica gratuita"},"content":{"rendered":"<p style=\"font-weight: 400;\">O PROH, aplicativo de servi\u00e7os profissionais online, abriu esta semana uma consulta gratuita para o primeiro acesso de quem busca orienta\u00e7\u00e3o m\u00e9dica, cont\u00e1bil e jur\u00eddica. As \u00e1reas t\u00eam sido as mais demandadas em fun\u00e7\u00e3o da pandemia do COVID-19 que obrigou ao isolamento social.<\/p>\n<p style=\"font-weight: 400;\">A advogada Bruna Reis, s\u00f3cia do PROH, explica que a procura tem sido bem grande nos \u00faltimos dias, especialmente ap\u00f3s a regulamenta\u00e7\u00e3o, em car\u00e1ter de urg\u00eancia, da telemedicina. \u201cA maioria dos nossos profissionais j\u00e1 era da \u00e1rea de sa\u00fade. Mas a procura por orienta\u00e7\u00e3o jur\u00eddica, para quest\u00f5es trabalhistas em fun\u00e7\u00e3o de dispensas e trabalho em sistema de home office, por exemplo, est\u00e1 sendo bem grande\u201d, explica.<\/p>\n<p style=\"font-weight: 400;\">Atualmente, a plataforma conta com 150 profissionais cadastrados, entre eles m\u00e9dicos, psic\u00f3logos, advogados, contadores e consultores financeiros. A expectativa \u00e9 que este n\u00famero suba nos pr\u00f3ximos dias, pois acabou se tornando uma excelente alternativa para os profissionais que querem manter suas atividades.<\/p>\n<p style=\"font-weight: 400;\">Para utilizar o PROH, basta baixar o aplicativo na Apple Store ou na Play Store e fazer o cadastro. As consultas gratuitas \u2013 com o c\u00f3digo FICAEMCASA \u2013 s\u00e3o tempor\u00e1rias e nem\u00a0 todos os profissionais da plataforma que aderiram \u00e0 promo\u00e7\u00e3o.<\/p>\n","protected":false},"excerpt":{"rendered":"<p>O PROH, aplicativo de servi\u00e7os profissionais online, abriu esta semana uma consulta gratuita para o primeiro acesso de quem busca orienta\u00e7\u00e3o m\u00e9dica, cont\u00e1bil e jur\u00eddica. As \u00e1reas t\u00eam sido as mais demandadas em fun\u00e7\u00e3o da pandemia do COVID-19 que obrigou ao isolamento social. A advogada Bruna Reis, s\u00f3cia do PROH, explica que a procura tem [&hellip;]<\/p>\n","protected":false},"author":1,"featured_media":20453,"comment_status":"closed","ping_status":"closed","sticky":true,"template":"","format":"standard","meta":{"footnotes":""},"categories":[81],"tags":[],"class_list":["post-20452","post","type-post","status-publish","format-standard","has-post-thumbnail","hentry","category-hi-tech"],"wps_subtitle":"","_links":{"self":[{"href":"https:\/\/grupomidia.com\/quemrealiza\/wp-json\/wp\/v2\/posts\/20452","targetHints":{"allow":["GET"]}}],"collection":[{"href":"https:\/\/grupomidia.com\/quemrealiza\/wp-json\/wp\/v2\/posts"}],"about":[{"href":"https:\/\/grupomidia.com\/quemrealiza\/wp-json\/wp\/v2\/types\/post"}],"author":[{"embeddable":true,"href":"https:\/\/grupomidia.com\/quemrealiza\/wp-json\/wp\/v2\/users\/1"}],"replies":[{"embeddable":true,"href":"https:\/\/grupomidia.com\/quemrealiza\/wp-json\/wp\/v2\/comments?post=20452"}],"version-history":[{"count":0,"href":"https:\/\/grupomidia.com\/quemrealiza\/wp-json\/wp\/v2\/posts\/20452\/revisions"}],"wp:featuredmedia":[{"embeddable":true,"href":"https:\/\/grupomidia.com\/quemrealiza\/wp-json\/wp\/v2\/media\/20453"}],"wp:attachment":[{"href":"https:\/\/grupomidia.com\/quemrealiza\/wp-json\/wp\/v2\/media?parent=20452"}],"wp:term":[{"taxonomy":"category","embeddable":true,"href":"https:\/\/grupomidia.com\/quemrealiza\/wp-json\/wp\/v2\/categories?post=20452"},{"taxonomy":"post_tag","embeddable":true,"href":"https:\/\/grupomidia.com\/quemrealiza\/wp-json\/wp\/v2\/tags?post=20452"}],"curies":[{"name":"wp","href":"https:\/\/api.w.org\/{rel}","templated":true}]}}