{"id":20417,"date":"2020-03-17T10:58:00","date_gmt":"2020-03-17T13:58:00","guid":{"rendered":"https:\/\/grupomidia.com\/quemrealiza\/?p=20417"},"modified":"2020-03-17T14:17:14","modified_gmt":"2020-03-17T17:17:14","slug":"como-criar-filhos-saudaveis-e-sem-traumas-alimentares","status":"publish","type":"post","link":"https:\/\/grupomidia.com\/quemrealiza\/como-criar-filhos-saudaveis-e-sem-traumas-alimentares\/","title":{"rendered":"Como criar filhos saud\u00e1veis e sem traumas alimentares?"},"content":{"rendered":"<p>Vivemos em uma sociedade regida pelas imagens, \u00e9 como se s\u00f3 exist\u00edssemos no mundo atual quando somos vistos pelo olhar dos outros, por meio daquilo que pensam que somos, com as caracter\u00edsticas que criamos e que criaram sobre n\u00f3s. Por vezes, estamos t\u00e3o preocupados em adequar nossos filhos em um mundo onde prevalece a ditadura da beleza que acabamos associando os alimentos n\u00e3o-saud\u00e1veis a vil\u00f5es de uma forma bem traum\u00e1tica, ou seja, nossa boa inten\u00e7\u00e3o gera o efeito contr\u00e1rio e, inclusive, pode resultar em s\u00e9rios transtornos como a bulimia e a anorexia.<\/p>\n<p>Lacan dizia que todos n\u00f3s passamos pela Fase do Espelho na inf\u00e2ncia, a mesma que Freud chamou de Narcisismo. Nessa etapa, a crian\u00e7a investe toda a sua libido em si mesma, ou seja, ela se basta, vive em seu pr\u00f3prio mundo e \u00e9 regida pelo Princ\u00edpio do Prazer, pois ainda n\u00e3o assimilou o Princ\u00edpio da Realidade. Essa fase \u00e9 passageira, ou pelo menos, deveria ser, mas o que vem acontecendo atualmente \u00e9 uma volta tardia a ela, descrita por Freud como Narcisismo Secund\u00e1rio, e que torna a nossa sociedade coletivamente adoentada. Voc\u00ea pode n\u00e3o se julgar narcisista, j\u00e1 que n\u00e3o perde horas na frente do espelho e n\u00e3o sofre com as imperfei\u00e7\u00f5es do seu corpo a todo momento, mas o narcisismo est\u00e1 incrustado na nossa mente e em nossas atitudes de um modo que nem nos damos conta.<\/p>\n<p>Quando fazemos uma viagem, \u00e0s vezes, nos preocupamos mais em registrar o momento e postar nas redes sociais do que, de fato, aproveitar o tempo presente. Sentamos na cadeira da praia e, para afastar o t\u00e9dio, n\u00f3s ficamos onde? No celular. Tomamos sol para que nossa pele fique bronzeada j\u00e1 pensando no p\u00f3s-viagem, em como vamos aparentar quando chegarmos. De fato, todos estamos doentes, somos narcisistas, mesmo que em um menor n\u00edvel. E mais, o desejo de ser o que n\u00e3o somos estimula o consumismo em todas as suas formas, pois compramos o que \u00e9 dito necess\u00e1rio para alcan\u00e7ar a felicidade: o ideal de um corpo perfeito, a imagem padr\u00e3o que vemos nas m\u00eddias, as roupas que devemos usar para sermos aceitos em um grupo etc.<\/p>\n<p>Nossas identidades n\u00e3o s\u00e3o mais consolidadas, elas s\u00e3o vol\u00e1teis, descart\u00e1veis. Ficamos \u00e0 deriva do que dita a publicidade, a moda, a cultura do nosso pa\u00eds e da nossa \u00e9poca. Somos bombardeados por diferentes mundos culturais que nos rodeiam e nosso corpo \u201ctem\u201d que acompanhar as mudan\u00e7as de padr\u00f5es impostos. Nossas crian\u00e7as j\u00e1 nasceram nessa sociedade que cultua as imagens e alguns pais refor\u00e7am de forma muito violenta tal cobran\u00e7a, inclusive por meio da alimenta\u00e7\u00e3o. Como exemplo disso, posso citar uma m\u00e3e que gritava e humilhava sua filha toda vez que a via devorar chocolates e outras comidas n\u00e3o saud\u00e1veis.<\/p>\n<p>Esse \u00e9 um comportamento que observo ser cada vez mais comum, frases como: \u201cvoc\u00ea vai engordar\u201d, \u201cvoc\u00ea est\u00e1 com muita barriga, pare de comer\u201d, \u201cse voc\u00ea ficar comendo isso, vai ficar feia\u201d, \u201cningu\u00e9m vai querer namorar voc\u00ea\u201d s\u00f3 far\u00e3o com que seu filho crie uma rela\u00e7\u00e3o de amor e \u00f3dio com a comida e podem fazer com que ele desenvolva transtornos alimentares, como a Bulimia ou Anorexia. O medo de que seus filhos n\u00e3o sejam aceitos por uma sociedade que valoriza as imagens pode cegar os pais com rela\u00e7\u00e3o ao principal: a sa\u00fade mental de seus filhos. Isso n\u00e3o significa que devemos permitir que a crian\u00e7a coma de tudo a toda hora, uma alimenta\u00e7\u00e3o saud\u00e1vel \u00e9 sempre importante, mas proibir e, principalmente, humilhar e diminuir a imagem dos seus filhos para amedront\u00e1-los n\u00e3o \u00e9 a melhor maneira de ensin\u00e1-los, podendo resultar no efeito reverso.<\/p>\n<p>Um dos transtornos alimentares que podem ser desenvolvidos a partir desses comportamentos \u00e9 a anorexia, que \u00e9 a recusa em comer. A boca \u00e9 o primeiro contato com o mundo externo, quando nos negamos a comer, tamb\u00e9m estamos nos negando a aceitar viver nesse mundo, em uma sociedade que imp\u00f5e padr\u00f5es. \u00c9 como se ela dissesse: \u201cEu n\u00e3o quero contato com esse mundo agressivo, que me dita o que devo ser e o que devo comer\u201d. J\u00e1 no caso da bulimia, \u00e9 como se busc\u00e1ssemos na comida o que nos falta na alma. Em alguns momentos, a pessoa devora os alimentos e, em outros, vai rejeit\u00e1-los. Na vida de uma pessoa que possui esse transtorno n\u00e3o h\u00e1 estabilidade, pois sua emo\u00e7\u00e3o \u00e9 inst\u00e1vel, est\u00e1 condicionada \u00e0 emo\u00e7\u00e3o dos outros e n\u00e3o ao seu pr\u00f3prio julgamento.<\/p>\n<p>Antes que essas doen\u00e7as alimentares se instalem na psique de um adulto, como os pais podem tentar evit\u00e1-las desde a inf\u00e2ncia? Elogiando seus filhos, exaltando suas qualidades e criando uma rotina de alimenta\u00e7\u00e3o saud\u00e1vel que permita que, de vez em quando, ele se delicie sem culpa com guloseimas. Ou seja, n\u00f3s como pais devemos educar os filhos para que eles n\u00e3o estabele\u00e7am uma rela\u00e7\u00e3o de \u00f3dio, nem com os alimentos, nem com o pr\u00f3prio corpo. Os bichos-pap\u00f5es que amedrontam as crian\u00e7as de hoje em dia n\u00e3o s\u00e3o mais monstros em sua figura cl\u00e1ssica, foram substitu\u00eddos pelo medo de envelhecer, de engordar, de n\u00e3o serem aceitos por sua apar\u00eancia f\u00edsica. N\u00f3s n\u00e3o podemos ajudar a criar tais monstros, devemos libert\u00e1-los, para que nossas crian\u00e7as n\u00e3o sejam escravas de uma imagem imposta pela sociedade. Somente assim, nossos filhos estar\u00e3o preparados emocionalmente para enfrentar um mundo repleto de desafios internos e externos.<\/p>\n<ul>\n<li><em>Este artigo foi escrito por Camila Cury, psic\u00f3loga e presidente da Escola da Intelig\u00eancia, programa de educa\u00e7\u00e3o socioemocional idealizado por Augusto Cury.<\/em><\/li>\n<\/ul>\n","protected":false},"excerpt":{"rendered":"<p>Vivemos em uma sociedade regida pelas imagens, \u00e9 como se s\u00f3 exist\u00edssemos no mundo atual quando somos vistos pelo olhar dos outros, por meio daquilo que pensam que somos, com as caracter\u00edsticas que criamos e que criaram sobre n\u00f3s. Por vezes, estamos t\u00e3o preocupados em adequar nossos filhos em um mundo onde prevalece a ditadura [&hellip;]<\/p>\n","protected":false},"author":1,"featured_media":20418,"comment_status":"closed","ping_status":"closed","sticky":true,"template":"","format":"standard","meta":{"footnotes":""},"categories":[68],"tags":[89,1040,1039,438,1041,1036,1037,431,1038],"class_list":["post-20417","post","type-post","status-publish","format-standard","has-post-thumbnail","hentry","category-saude-bem-estar","tag-alimentacao","tag-augusto-cury","tag-camila-cury","tag-educacao","tag-escola-da-inteligencia","tag-filhos","tag-saudaveis","tag-saude","tag-traumas-alimentares"],"wps_subtitle":"","_links":{"self":[{"href":"https:\/\/grupomidia.com\/quemrealiza\/wp-json\/wp\/v2\/posts\/20417","targetHints":{"allow":["GET"]}}],"collection":[{"href":"https:\/\/grupomidia.com\/quemrealiza\/wp-json\/wp\/v2\/posts"}],"about":[{"href":"https:\/\/grupomidia.com\/quemrealiza\/wp-json\/wp\/v2\/types\/post"}],"author":[{"embeddable":true,"href":"https:\/\/grupomidia.com\/quemrealiza\/wp-json\/wp\/v2\/users\/1"}],"replies":[{"embeddable":true,"href":"https:\/\/grupomidia.com\/quemrealiza\/wp-json\/wp\/v2\/comments?post=20417"}],"version-history":[{"count":0,"href":"https:\/\/grupomidia.com\/quemrealiza\/wp-json\/wp\/v2\/posts\/20417\/revisions"}],"wp:featuredmedia":[{"embeddable":true,"href":"https:\/\/grupomidia.com\/quemrealiza\/wp-json\/wp\/v2\/media\/20418"}],"wp:attachment":[{"href":"https:\/\/grupomidia.com\/quemrealiza\/wp-json\/wp\/v2\/media?parent=20417"}],"wp:term":[{"taxonomy":"category","embeddable":true,"href":"https:\/\/grupomidia.com\/quemrealiza\/wp-json\/wp\/v2\/categories?post=20417"},{"taxonomy":"post_tag","embeddable":true,"href":"https:\/\/grupomidia.com\/quemrealiza\/wp-json\/wp\/v2\/tags?post=20417"}],"curies":[{"name":"wp","href":"https:\/\/api.w.org\/{rel}","templated":true}]}}