{"id":20415,"date":"2020-03-16T13:55:22","date_gmt":"2020-03-16T16:55:22","guid":{"rendered":"https:\/\/grupomidia.com\/quemrealiza\/?p=20415"},"modified":"2020-03-16T13:55:22","modified_gmt":"2020-03-16T16:55:22","slug":"como-a-tecnologia-pode-colaborar-com-a-diminuicao-de-desafios-no-setor-de-saude-publica-com-o-coronavirus","status":"publish","type":"post","link":"https:\/\/grupomidia.com\/quemrealiza\/como-a-tecnologia-pode-colaborar-com-a-diminuicao-de-desafios-no-setor-de-saude-publica-com-o-coronavirus\/","title":{"rendered":"Como a tecnologia pode colaborar com a diminui\u00e7\u00e3o de desafios no setor de sa\u00fade p\u00fablica com o Coronav\u00edrus"},"content":{"rendered":"<p align=\"justify\">O setor p\u00fablico de sa\u00fade brasileiro possui quest\u00f5es complexas que se adensam com a pandemia do Coronav\u00edrus. Soma-se \u00e0 falta de m\u00e9dicos e de leitos a possibilidade iminente de um aumento de pacientes atendidos pelo SUS e chegamos a um cen\u00e1rio preocupante. Em todo o mundo, a quest\u00e3o de falta de estrutura de sa\u00fade para cuidar de pessoas em situa\u00e7\u00f5es emergenciais como a prolifera\u00e7\u00e3o do COVID-19 \u00e9 motivo de inquieta\u00e7\u00e3o entre os governantes.<\/p>\n<p align=\"justify\">Quando falamos de investimentos em sa\u00fade no Brasil, temos n\u00fameros que comprovam a situa\u00e7\u00e3o complexa: em 2018, o investimento em sa\u00fade era de apenas 3,6% do or\u00e7amento do governo federal, quando a m\u00e9dia mundial \u00e9 de 11,7%. O or\u00e7amento previsto para 2020 \u00e9 de R$ 136 bilh\u00f5es, segundo informa\u00e7\u00f5es do Portal da Transpar\u00eancia. Em 2019, o or\u00e7amento era de R$147 bilh\u00f5es. Ainda pouco representativo diante da demanda.<\/p>\n<p align=\"justify\">Com recursos apertados, a tecnologia se torna uma grande aliada em momentos cr\u00edticos como os que vivemos agora.<\/p>\n<p align=\"justify\">Acredito que as Solu\u00e7\u00f5es de Apoio \u00e0 Decis\u00e3o Cl\u00ednica contribuem para a melhora de quest\u00f5es de infraestrutura e agilidade, principalmente em rela\u00e7\u00e3o \u00e0 qualidade no atendimento, no tempo de espera e na redu\u00e7\u00e3o da variabilidade do cuidado.<\/p>\n<p align=\"justify\">Outro ponto \u00e9 a qualidade da informa\u00e7\u00e3o que chega aos profissionais de sa\u00fade. \u00c9 fundamental termos confian\u00e7a no conte\u00fado que \u00e9 entregue a quem vai cuidar e curar doentes, seja em momentos rotineiros, seja em momentos de epidemia. Tecnologia aliada ao conhecimento cient\u00edfico e apresentada de forma estruturada cria padroniza\u00e7\u00e3o do cuidado.<\/p>\n<p align=\"justify\">Uma boa solu\u00e7\u00e3o de apoio atende a todas as equipes de sa\u00fade com solu\u00e7\u00f5es de refer\u00eancia, trazendo para a realidade do profissional todas as informa\u00e7\u00f5es relevantes n\u00e3o s\u00f3 para agilizar o processo de atendimento como tamb\u00e9m do cuidado. O reflexo disso \u00e9 justamente a oportunidade de proporcionar \u201cmais tempo com o paciente\u201d pois, atrav\u00e9s de informa\u00e7\u00f5es estruturadas, \u00e9 realizada a valida\u00e7\u00e3o, seguindo com o fluxo do cuidado e posteriormente deixando de se prender ao desenvolvimento de Prescri\u00e7\u00f5es e Planos de Cuidado&#8230; pois estes j\u00e1 s\u00e3o entregues prontos.<\/p>\n<p align=\"justify\">Falo de solu\u00e7\u00f5es que trazem uma melhoria significativa na qualidade e efici\u00eancia deste cuidado, que reduz desde a solicita\u00e7\u00e3o de testes desnecess\u00e1rios at\u00e9 diagn\u00f3sticos errados por uma simples eventualidade que possa acontecer no dia a dia de qualquer profissional. Em tempos de epidemia essas qualidades s\u00e3o essenciais, j\u00e1 que se tornam imprescind\u00edveis rapidez e assertividade no diagn\u00f3stico e tratamento.<\/p>\n<p align=\"justify\"><strong>Telemedicina<\/strong><\/p>\n<p align=\"justify\">Outra tecnologia que pode colaborar enormemente com o quadro da sa\u00fade p\u00fablica em geral e em momentos de epidemia como a do Coronav\u00edrus, \u00e9 a telemedicina. Somos um pa\u00eds de dimens\u00f5es continentais, no qual nem sempre \u00e9 poss\u00edvel atender pacientes que precisam de alguma interven\u00e7\u00e3o imediata com a mesma qualidade em todas as localidades, seja por falta de informa\u00e7\u00f5es ou de profissionais. Para se ter uma ideia, 70% dos m\u00e9dicos especialistas est\u00e3o concentrados nas regi\u00f5es Sul e Sudeste. Em S\u00e3o Paulo, s\u00e3o quatro m\u00e9dicos para cada 1.000 habitantes, enquanto no Nordeste s\u00e3o apenas 2 nesta compara\u00e7\u00e3o. Na regi\u00e3o Norte temos menos de um m\u00e9dico.<\/p>\n<p align=\"justify\">A telemedicina auxilia justamente na elimina\u00e7\u00e3o de alguns dos entraves do sistema de sa\u00fade, especificamente o p\u00fablico. \u00c9 uma tecnologia que reduz o gap de oferta de tudo o que falei acima em termos de Apoio \u00e0 Decis\u00e3o Cl\u00ednica, com a oportunidade de um melhor atendimento, mais r\u00e1pido e eficaz. \u00c9 tamb\u00e9m importante como um processo de triagem e que oferece informa\u00e7\u00f5es relevantes n\u00e3o apenas para a manuten\u00e7\u00e3o do cuidado de um determinado paciente, como no compartilhamento de informa\u00e7\u00f5es sobre determinadas condi\u00e7\u00f5es cl\u00ednicas e orienta\u00e7\u00f5es diversas para pacientes e seus familiares.<\/p>\n<p align=\"justify\">Al\u00e9m disso, em momentos de pandemias como a do Coronav\u00edrus, fica a possibilidade de pr\u00e9-atendimentos para triagem e tratamentos simplificados de outros tipos de enfermidade (quando poss\u00edvel). Nesse caso, a telemedicina colabora com a diminui\u00e7\u00e3o de aglomera\u00e7\u00f5es em ambientes altamente contaminantes.<\/p>\n<p align=\"justify\">Em momentos como o que vivemos hoje, percebemos como a transforma\u00e7\u00e3o digital \u00e9 essencial para o futuro da manuten\u00e7\u00e3o da sa\u00fade no mundo. Longe de ser apenas uma solu\u00e7\u00e3o para hospitais sofisticados e caros, \u00e9 totalmente adequada ao sistema p\u00fablico de sa\u00fade. Todos ganham em efici\u00eancia, qualidade de atendimento e diminui\u00e7\u00e3o de riscos.<\/p>\n<ul>\n<li><em>Este artigo foi redigido por Vitor Liberatori, gerente s\u00eanior de produtos da Elsevier Brasil.<\/em><\/li>\n<\/ul>\n","protected":false},"excerpt":{"rendered":"<p>O setor p\u00fablico de sa\u00fade brasileiro possui quest\u00f5es complexas que se adensam com a pandemia do Coronav\u00edrus. Soma-se \u00e0 falta de m\u00e9dicos e de leitos a possibilidade iminente de um aumento de pacientes atendidos pelo SUS e chegamos a um cen\u00e1rio preocupante. Em todo o mundo, a quest\u00e3o de falta de estrutura de sa\u00fade para [&hellip;]<\/p>\n","protected":false},"author":1,"featured_media":20416,"comment_status":"closed","ping_status":"closed","sticky":true,"template":"","format":"standard","meta":{"footnotes":""},"categories":[69,68],"tags":[730,1008,1035,1034,1033],"class_list":["post-20415","post","type-post","status-publish","format-standard","has-post-thumbnail","hentry","category-cotidiano","category-saude-bem-estar","tag-coronavirus","tag-covid-19","tag-elsevier-brasil","tag-sus","tag-telemedicina"],"wps_subtitle":"","_links":{"self":[{"href":"https:\/\/grupomidia.com\/quemrealiza\/wp-json\/wp\/v2\/posts\/20415","targetHints":{"allow":["GET"]}}],"collection":[{"href":"https:\/\/grupomidia.com\/quemrealiza\/wp-json\/wp\/v2\/posts"}],"about":[{"href":"https:\/\/grupomidia.com\/quemrealiza\/wp-json\/wp\/v2\/types\/post"}],"author":[{"embeddable":true,"href":"https:\/\/grupomidia.com\/quemrealiza\/wp-json\/wp\/v2\/users\/1"}],"replies":[{"embeddable":true,"href":"https:\/\/grupomidia.com\/quemrealiza\/wp-json\/wp\/v2\/comments?post=20415"}],"version-history":[{"count":0,"href":"https:\/\/grupomidia.com\/quemrealiza\/wp-json\/wp\/v2\/posts\/20415\/revisions"}],"wp:featuredmedia":[{"embeddable":true,"href":"https:\/\/grupomidia.com\/quemrealiza\/wp-json\/wp\/v2\/media\/20416"}],"wp:attachment":[{"href":"https:\/\/grupomidia.com\/quemrealiza\/wp-json\/wp\/v2\/media?parent=20415"}],"wp:term":[{"taxonomy":"category","embeddable":true,"href":"https:\/\/grupomidia.com\/quemrealiza\/wp-json\/wp\/v2\/categories?post=20415"},{"taxonomy":"post_tag","embeddable":true,"href":"https:\/\/grupomidia.com\/quemrealiza\/wp-json\/wp\/v2\/tags?post=20415"}],"curies":[{"name":"wp","href":"https:\/\/api.w.org\/{rel}","templated":true}]}}