{"id":20344,"date":"2020-03-09T15:40:24","date_gmt":"2020-03-09T18:40:24","guid":{"rendered":"https:\/\/grupomidia.com\/quemrealiza\/?p=20344"},"modified":"2020-03-09T15:40:24","modified_gmt":"2020-03-09T18:40:24","slug":"inova-ribeirao-2020-sera-lancado-amanha","status":"publish","type":"post","link":"https:\/\/grupomidia.com\/quemrealiza\/inova-ribeirao-2020-sera-lancado-amanha\/","title":{"rendered":"Inova Ribeir\u00e3o 2020 ser\u00e1 lan\u00e7ado amanh\u00e3"},"content":{"rendered":"<p>As entidades do Comit\u00ea Organizador, realizam nesta ter\u00e7a-feira, dia 10, \u00e0s 9h, na Sede da ACIRP, a reuni\u00e3o de lan\u00e7amento do Inova Ribeir\u00e3o 2020 \u2013 Encontro de Neg\u00f3cios em Inova\u00e7\u00e3o, evento que na edi\u00e7\u00e3o de 2019 reuniu mais de 1.200 participantes, em sua maioria empresas, e que durante os seus tr\u00eas dias reuniu mais de 80 palestrantes.<\/p>\n<p>O encontro contar\u00e1 com institui\u00e7\u00f5es e empresas que desejam participar do evento e ir\u00e1 apresentar o formato da edi\u00e7\u00e3o deste ano, que traz v\u00e1rias melhorias em rela\u00e7\u00e3o \u00e0 edi\u00e7\u00e3o anterior.<\/p>\n<p>O objetivo do Inova Ribeir\u00e3o 2020, que \u00e9 gratuito, \u00e9 disseminar a cultura da inova\u00e7\u00e3o nas empresas e para isso ir\u00e1 reunir empreendedores, institui\u00e7\u00f5es que prestam servi\u00e7os tecnol\u00f3gicos, ICTIs \u2013 Institui\u00e7\u00f5es de Ci\u00eancia, Tecnologia e Inova\u00e7\u00e3o e ofertantes de linhas de cr\u00e9dito para moderniza\u00e7\u00e3o e inova\u00e7\u00e3o nas empresas.<\/p>\n<p>\u201cO Inova \u00e9 um evento que se sustenta com apoio de entidades que se uniram em prol de um projeto em comum e criaram o ambiente que re\u00fane conhecimento, networking e oportunidades de neg\u00f3cios. Acreditamos que a inova\u00e7\u00e3o \u00e9 um marco decisivo para a sobreviv\u00eancia econ\u00f4mica e desenvolvimento das empresas de nossa regi\u00e3o e do Pa\u00eds\u201d, explica Dorival Balbino, presidente da ACIRP.<\/p>\n<p>O convite \u00e0s entidades tem por objetivo movimentar o setor empresarial de forma que as empresas possam apresentar seus servi\u00e7os e\/ou demandas tecnol\u00f3gicas para um p\u00fablico qualificado, inserindo-se em uma a\u00e7\u00e3o que pretende fortalecer o Ecossistema de inova\u00e7\u00e3o de nossa regi\u00e3o.<\/p>\n<p>&#8220;O Inova Ribeir\u00e3o 2020 \u00e9 uma excelente oportunidade para as empresas ligadas ao Supera Parque de Inova\u00e7\u00e3o e Tecnologia apresentarem ao mercado a qualidade dos produtos e servi\u00e7os que est\u00e3o sendo desenvolvidos em Ribeir\u00e3o Preto, al\u00e9m de promover networking e de gerar neg\u00f3cios. Trata-se de uma iniciativa importante para a cidade, j\u00e1 que fortalece o nosso ecossistema empreendedor e possibilita que todos os atores envolvidos neste habitat estejam, durante tr\u00eas dias, em uma mesma sintonia&#8221;, afirma Eduardo Cicconi, gerente do Supera Parque de Inova\u00e7\u00e3o e Tecnologia.<\/p>\n<p>Para participar do encontro, as entidades e empresas interessadas devem confirmar a presen\u00e7a dos representantes de sua institui\u00e7\u00e3o pelo e-mail\u00a0<a href=\"mailto:diretoria@acirp.com.br\" target=\"_blank\" rel=\"noopener noreferrer\">diretoria@acirp.com.br<\/a>\u00a0ou telefone (16) 3512-8166.<\/p>\n<p>O Inova Ribeir\u00e3o \u00e9 realizado por uma comiss\u00e3o organizadora composta pela ACIRP, AUSPIN &#8211; Ag\u00eancia USP de Inova\u00e7\u00e3o, CIESP &#8211; Centro das Ind\u00fastrias do Estado de S\u00e3o Paulo \u2013 Ribeir\u00e3o Preto, Fatec Ribeir\u00e3o Preto, InovaJab, SEBRAE\/SP &#8211; Ribeir\u00e3o Preto e Regi\u00e3o, SENAC &#8211; Servi\u00e7o Nacional de Aprendizagem Comercial \u2013 Ribeir\u00e3o Preto, SENAI &#8211; Servi\u00e7o Nacional de Aprendizagem Industrial \u2013 Ribeir\u00e3o Preto, Supera Parque de Tecnologia e Inova\u00e7\u00e3o de Ribeir\u00e3o Preto.<\/p>\n<p><strong>Inova Ribeir\u00e3o 2020<br \/>\n<\/strong>O evento \u00e9 gratuito e acontecer\u00e1 nos dias 14, 15 e 16 de julho nas depend\u00eancias do SENAI e do SENAC Ribeir\u00e3o Preto. Os participantes do evento poder\u00e3o participar dos tr\u00eas dias, mas a programa\u00e7\u00e3o est\u00e1 sendo desenvolvida com segmenta\u00e7\u00e3o dos principais interesses:<br \/>\nDia 14 \u2013 Inova\u00e7\u00e3o na ind\u00fastria;<br \/>\nDia 15 \u2013 Inova\u00e7\u00e3o no com\u00e9rcio e servi\u00e7os \/ Semin\u00e1rio Sobre Rotas Tecnol\u00f3gicas da Biotecnologia;<br \/>\nDia 16 \u2013 Startup Day \u2013 Mostra e encontro de Startups e Inova\u00e7\u00e3o no Agroneg\u00f3cio.<\/p>\n<p>Em 2020, alguns temas ser\u00e3o inclu\u00eddos ou aprofundados na grade de programa\u00e7\u00e3o, como:<\/p>\n<p>Semin\u00e1rio Sobre Rotas Tecnol\u00f3gicas da Biotecnologia (dia 15); Tecnologias para Com\u00e9rcio Eletr\u00f4nico; Agtechs e novas tecnologias para o setor agro; Tecnologias para o setor sucroalcooleiro.<\/p>\n<p><strong>Sobre o evento<\/strong><\/p>\n<p>Em sua primeira edi\u00e7\u00e3o, em 2019, o Inova Ribeir\u00e3o reuniu mais de 1.200 participantes, em sua maioria representando empresas que se interessam pelo tema de inova\u00e7\u00e3o. Foram mais de 30 pain\u00e9is e 80 palestrantes ao longo dos tr\u00eas dias de evento, al\u00e9m de mais de 30 expositores na mostra de startups.<\/p>\n<p><strong>Lan\u00e7amento Inova Ribeir\u00e3o 2020<br \/>\n<\/strong><strong>Data:<\/strong>\u00a010 de mar\u00e7o<br \/>\n<strong>Hor\u00e1rio:<\/strong>\u00a09h<br \/>\n<strong>Local:<\/strong>\u00a0Sede da ACIRP, Rua Visconde de Inha\u00fama, 489, Centro, Ribeir\u00e3o Preto &#8211; SP.<br \/>\n<strong>Confirma\u00e7\u00e3o de presen\u00e7a:<\/strong>\u00a0<a href=\"mailto:diretoria@acirp.com.br\" target=\"_blank\" rel=\"noopener noreferrer\">diretoria@acirp.com.br<\/a>\u00a0ou 16-3512 8182<\/p>\n","protected":false},"excerpt":{"rendered":"<p>As entidades do Comit\u00ea Organizador, realizam nesta ter\u00e7a-feira, dia 10, \u00e0s 9h, na Sede da ACIRP, a reuni\u00e3o de lan\u00e7amento do Inova Ribeir\u00e3o 2020 \u2013 Encontro de Neg\u00f3cios em Inova\u00e7\u00e3o, evento que na edi\u00e7\u00e3o de 2019 reuniu mais de 1.200 participantes, em sua maioria empresas, e que durante os seus tr\u00eas dias reuniu mais de [&hellip;]<\/p>\n","protected":false},"author":1,"featured_media":20347,"comment_status":"closed","ping_status":"closed","sticky":true,"template":"","format":"standard","meta":{"footnotes":""},"categories":[768],"tags":[962,966,964,967,961,965,968,963,969,970,971,290],"class_list":["post-20344","post","type-post","status-publish","format-standard","has-post-thumbnail","hentry","category-negocios","tag-acirp","tag-auspin-agencia-usp-de-inovacao","tag-ciencia","tag-ciesp-centro-das-industrias-do-estado-de-sao-paulo","tag-inova-ribeirao","tag-inovacao","tag-inovajab","tag-negocios-em-inovacao","tag-sebrae-sp","tag-senac-servico-nacional-de-aprendizagem-comercial","tag-senai-servico-nacional-de-aprendizagem-industrial","tag-tecnologia"],"wps_subtitle":"","_links":{"self":[{"href":"https:\/\/grupomidia.com\/quemrealiza\/wp-json\/wp\/v2\/posts\/20344","targetHints":{"allow":["GET"]}}],"collection":[{"href":"https:\/\/grupomidia.com\/quemrealiza\/wp-json\/wp\/v2\/posts"}],"about":[{"href":"https:\/\/grupomidia.com\/quemrealiza\/wp-json\/wp\/v2\/types\/post"}],"author":[{"embeddable":true,"href":"https:\/\/grupomidia.com\/quemrealiza\/wp-json\/wp\/v2\/users\/1"}],"replies":[{"embeddable":true,"href":"https:\/\/grupomidia.com\/quemrealiza\/wp-json\/wp\/v2\/comments?post=20344"}],"version-history":[{"count":0,"href":"https:\/\/grupomidia.com\/quemrealiza\/wp-json\/wp\/v2\/posts\/20344\/revisions"}],"wp:featuredmedia":[{"embeddable":true,"href":"https:\/\/grupomidia.com\/quemrealiza\/wp-json\/wp\/v2\/media\/20347"}],"wp:attachment":[{"href":"https:\/\/grupomidia.com\/quemrealiza\/wp-json\/wp\/v2\/media?parent=20344"}],"wp:term":[{"taxonomy":"category","embeddable":true,"href":"https:\/\/grupomidia.com\/quemrealiza\/wp-json\/wp\/v2\/categories?post=20344"},{"taxonomy":"post_tag","embeddable":true,"href":"https:\/\/grupomidia.com\/quemrealiza\/wp-json\/wp\/v2\/tags?post=20344"}],"curies":[{"name":"wp","href":"https:\/\/api.w.org\/{rel}","templated":true}]}}