{"id":20302,"date":"2020-02-23T08:00:40","date_gmt":"2020-02-23T11:00:40","guid":{"rendered":"https:\/\/grupomidia.com\/quemrealiza\/?p=20302"},"modified":"2020-02-20T17:00:12","modified_gmt":"2020-02-20T20:00:12","slug":"ciclofaixa-de-lazer-e-opcao-para-o-domingo","status":"publish","type":"post","link":"https:\/\/grupomidia.com\/quemrealiza\/ciclofaixa-de-lazer-e-opcao-para-o-domingo\/","title":{"rendered":"Ciclofaixa de Lazer \u00e9 op\u00e7\u00e3o para o domingo"},"content":{"rendered":"<div>\n<div>\n<p>A\u00a0<span class=\"il\">Ciclofaixa<\/span>\u00a0de Lazer vai funcionar normalmente neste domingo (23) de Carnaval. Para aproveitar o final de semana de folia, os ciclistas de Ribeir\u00e3o Preto podem pedalar normalmente na\u00a0<span class=\"il\">Ciclofaixa<\/span>\u00a0mesmo com o feriado prolongado. A expectativa \u00e9 de receber, novamente, um bom n\u00famero de participantes.<\/p>\n<p>O projeto, que atende milhares de pessoas em cada edi\u00e7\u00e3o, tem um trajeto de 7 km ligando os parques Luis Carlos Raya e Prefeito Luiz Roberto J\u00e1bali (Curupira). O hor\u00e1rio de funcionamento \u00e9 das 7h \u00e0s 13h. Caso o ciclista n\u00e3o tenha uma bicicleta, o programa oferece tamb\u00e9m o servi\u00e7o de aluguel de bikes.<\/p>\n<p>\u00c9 poss\u00edvel alugar sua bike tanto no Parque Raya quanto no Curupira. Para isso \u00e9 necess\u00e1rio levar um documento com foto. Crian\u00e7as de at\u00e9 sete anos n\u00e3o pagam a primeira hora.<\/p>\n<p>A\u00a0<span class=\"il\">Ciclofaixa<\/span>\u00a0de Lazer se consolidou como um dos principais programas do ribeir\u00e3o-pretano aos finais de semana, sempre com a presen\u00e7a de muitas fam\u00edlias. \u00c9 uma \u00f3tima op\u00e7\u00e3o para relaxar e ao mesmo tempo se divertir sem abrir m\u00e3o da pr\u00e1tica esportiva.<\/p>\n<p>A\u00a0<span class=\"il\">Ciclofaixa<\/span>\u00a0\u00e9 uma parceria entre a Prefeitura de Ribeir\u00e3o Preto e Federa\u00e7\u00e3o Paulista de Ciclismo. O patroc\u00ednio \u00e9 da S\u00e3o Francisco Sa\u00fade e do Centro Universit\u00e1rio Bar\u00e3o de Mau\u00e1. O apoio \u00e9 da Soul Cycles, Revista Zumm, Sign Comunica\u00e7\u00e3o Visual, Record TV, A Cidade ON, EPTV e R\u00e1dio CBN.<\/p>\n<\/div>\n<\/div>\n","protected":false},"excerpt":{"rendered":"<p>A\u00a0Ciclofaixa\u00a0de Lazer vai funcionar normalmente neste domingo (23) de Carnaval. Para aproveitar o final de semana de folia, os ciclistas de Ribeir\u00e3o Preto podem pedalar normalmente na\u00a0Ciclofaixa\u00a0mesmo com o feriado prolongado. A expectativa \u00e9 de receber, novamente, um bom n\u00famero de participantes. O projeto, que atende milhares de pessoas em cada edi\u00e7\u00e3o, tem um trajeto [&hellip;]<\/p>\n","protected":false},"author":1,"featured_media":20303,"comment_status":"closed","ping_status":"closed","sticky":true,"template":"","format":"standard","meta":{"footnotes":""},"categories":[68],"tags":[910,909,701,908,911,912,272],"class_list":["post-20302","post","type-post","status-publish","format-standard","has-post-thumbnail","hentry","category-saude-bem-estar","tag-bicicleta","tag-bike","tag-carnaval","tag-ciclofaixa","tag-ciclofaixa-de-lazer","tag-prefeitura-de-ribeirao-preto","tag-ribeirao-preto"],"wps_subtitle":"","_links":{"self":[{"href":"https:\/\/grupomidia.com\/quemrealiza\/wp-json\/wp\/v2\/posts\/20302","targetHints":{"allow":["GET"]}}],"collection":[{"href":"https:\/\/grupomidia.com\/quemrealiza\/wp-json\/wp\/v2\/posts"}],"about":[{"href":"https:\/\/grupomidia.com\/quemrealiza\/wp-json\/wp\/v2\/types\/post"}],"author":[{"embeddable":true,"href":"https:\/\/grupomidia.com\/quemrealiza\/wp-json\/wp\/v2\/users\/1"}],"replies":[{"embeddable":true,"href":"https:\/\/grupomidia.com\/quemrealiza\/wp-json\/wp\/v2\/comments?post=20302"}],"version-history":[{"count":0,"href":"https:\/\/grupomidia.com\/quemrealiza\/wp-json\/wp\/v2\/posts\/20302\/revisions"}],"wp:featuredmedia":[{"embeddable":true,"href":"https:\/\/grupomidia.com\/quemrealiza\/wp-json\/wp\/v2\/media\/20303"}],"wp:attachment":[{"href":"https:\/\/grupomidia.com\/quemrealiza\/wp-json\/wp\/v2\/media?parent=20302"}],"wp:term":[{"taxonomy":"category","embeddable":true,"href":"https:\/\/grupomidia.com\/quemrealiza\/wp-json\/wp\/v2\/categories?post=20302"},{"taxonomy":"post_tag","embeddable":true,"href":"https:\/\/grupomidia.com\/quemrealiza\/wp-json\/wp\/v2\/tags?post=20302"}],"curies":[{"name":"wp","href":"https:\/\/api.w.org\/{rel}","templated":true}]}}