{"id":20264,"date":"2020-02-19T17:08:42","date_gmt":"2020-02-19T20:08:42","guid":{"rendered":"https:\/\/grupomidia.com\/quemrealiza\/?p=20264"},"modified":"2020-02-19T17:09:20","modified_gmt":"2020-02-19T20:09:20","slug":"galo-da-madrugada-tera-a-maior-acao-de-reciclagem-do-carnaval","status":"publish","type":"post","link":"https:\/\/grupomidia.com\/quemrealiza\/galo-da-madrugada-tera-a-maior-acao-de-reciclagem-do-carnaval\/","title":{"rendered":"Galo da Madrugada ter\u00e1 a maior a\u00e7\u00e3o de reciclagem do Carnaval"},"content":{"rendered":"<p>O #VADELATA , movimento da Ball Corporation, e a &#8220;Liga da Reciclagem&#8221;, inciativa da Novelis , se juntam pela sustentabilidade do maior Bloco de Carnaval da terra. Ambas promovem a maior a\u00e7\u00e3o de reciclagem j\u00e1 vista em um Carnaval, executada pelo projeto &#8220;Do meu lixo cuido eu&#8221;, que em parceria com cooperativas locais realizar\u00e1 a gest\u00e3o de res\u00edduos recicl\u00e1veis do Galo da Madrugada, tanto em Recife quanto em S\u00e3o Paulo, nos dias 22 e 25 de fevereiro. No primeiro dia de desfiles, em Recife, catadores de materiais recicl\u00e1veis ainda abrem o maior bloco carnavalesco do mundo com a &#8220;Ala dos Catadores&#8221;, em homenagem a estes profissionais.<\/p>\n<p>Ao todo, a a\u00e7\u00e3o contar\u00e1 com cerca de 400 trabalhadores envolvidos, gerando renda para centenas de fam\u00edlias de catadores. Al\u00e9m disso, realizar\u00e1 um trabalho de educa\u00e7\u00e3o ambiental entre os foli\u00f5es. Agentes distribuir\u00e3o sacolas recicl\u00e1veis e dar\u00e3o orienta\u00e7\u00f5es sobre como descartar corretamente os materiais recicl\u00e1veis durante a festa. Ap\u00f3s a coleta, os res\u00edduos ser\u00e3o levados para ecopontos pr\u00f3ximos aos blocos, onde ser\u00e3o separados, tratados e encaminhados \u00e0 destina\u00e7\u00e3o correta.<\/p>\n<p>Os foli\u00f5es das duas cidades poder\u00e3o acompanhar o resultado do projeto a partir do Painel da Reciclagem, placar instalado nos dois munic\u00edpios, que exibir\u00e1 o quantitativo coletado nos dois dias de bloco. Os n\u00fameros tamb\u00e9m ser\u00e3o exibidos no endere\u00e7o porumcarnavalsustentavel.com.br<\/p>\n<p>&#8220;Esperamos um grande resultado para o meio ambiente, j\u00e1 que estamos falando na gest\u00e3o de res\u00edduos do maior bloco do mundo. A latinha j\u00e1 \u00e9 embalagem mais reciclada do Brasil. Nada mais justo que a gente consiga suportar as outras cadeias no mesmo desafio de reduzir impactos&#8221;, explica Estev\u00e3o Braga, Head de Sustentabilidade Ball Am\u00e9rica do Sul, maior fabricante de latas para bebidas do mundo.<\/p>\n<p>&#8220;Al\u00e9m de ser essencial para a preserva\u00e7\u00e3o do meio ambiente e ser uma atividade extremamente relevante para a nossa economia, gerando renda para milhares de pessoas, a reciclagem \u00e9 tamb\u00e9m uma importante ferramenta de inclus\u00e3o social. Para n\u00f3s da Novelis, que consideramos a sustentabilidade como um pilar fundamental da nossa estrat\u00e9gia de neg\u00f3cio, fazer parte da maior a\u00e7\u00e3o de reciclagem durante o Carnaval, em parceria com a Ball, \u00e9 uma honra. Educar e conscientizar a popula\u00e7\u00e3o \u00e9 o primeiro passo para um futuro mais sustent\u00e1vel&#8221; completa Eunice Lima, diretora de Comunica\u00e7\u00e3o e Rela\u00e7\u00f5es Governamentais da Novelis.<\/p>\n<p>Durante os dois dias de bloco, o projeto &#8220;Do meu lixo cuido eu&#8221; contar\u00e1 com a parceria das cooperativas Recicla Recife, Coocares, Coreplast, Esperan\u00e7a Viva, Cooper Recicla Torre, Pr\u00f3-Recife, Verde \u00e9 Nossa Vida, Coopagres, Resgatando Vidas, Eco Vida Palha de Arroz, Bola na Rede, Gusm\u00e3o e das secretarias municipais de Planejamento Urbano, Secretaria da Mulher e Secretaria do Trabalho, Qualifica\u00e7\u00e3o e Empreendedorismo. J\u00e1 em S\u00e3o Paulo, conta com as cooperativas Vit\u00f3ria do Bel\u00e9m, Recicla-Butant\u00e3 e Recifavela.<\/p>\n<p>Em prol de um Carnaval infinitamente sustent\u00e1vel, a a\u00e7\u00e3o ressalta os impactos positivos da reciclagem para o meio ambiente. Tamb\u00e9m incentiva a escolha da latinha de alum\u00ednio durante a folia, j\u00e1 que \u00e9 100% e infinitamente recicl\u00e1vel e campe\u00e3 de reciclagem no Brasil, com uma taxa de 97,3%. Al\u00e9m de ser a op\u00e7\u00e3o mais segura para pular o carnaval, em meio \u00e0s multid\u00f5es.<\/p>\n<p><strong>Projeto coletou mais de 30 toneladas no Carnaval do Rio<\/strong><\/p>\n<p>Em sua primeira edi\u00e7\u00e3o, em 2019, o projeto &#8220;Do meu lixo cuido eu&#8221; deixou um legado para a cidade do Rio de Janeiro, coletando para reciclagem mais de 30 toneladas de res\u00edduos durante os ensaios t\u00e9cnicos e desfiles oficiais na Marqu\u00eas de Sapuca\u00ed. Calcula-se que, com a reciclagem desses materiais, foram poupados cerca de 148 MWh de energia, o suficiente para abastecer mais de duas mil resid\u00eancias populares durante um m\u00eas.<\/p>\n","protected":false},"excerpt":{"rendered":"<p>O #VADELATA , movimento da Ball Corporation, e a &#8220;Liga da Reciclagem&#8221;, inciativa da Novelis , se juntam pela sustentabilidade do maior Bloco de Carnaval da terra. Ambas promovem a maior a\u00e7\u00e3o de reciclagem j\u00e1 vista em um Carnaval, executada pelo projeto &#8220;Do meu lixo cuido eu&#8221;, que em parceria com cooperativas locais realizar\u00e1 a [&hellip;]<\/p>\n","protected":false},"author":1,"featured_media":20265,"comment_status":"closed","ping_status":"closed","sticky":true,"template":"","format":"standard","meta":{"footnotes":""},"categories":[71],"tags":[865,864,701,860,866,862,861,863,867,859,837,836],"class_list":["post-20264","post","type-post","status-publish","format-standard","has-post-thumbnail","hentry","category-tendencias","tag-vadelata","tag-bloco-de-carnaval","tag-carnaval","tag-galo-da-madrugada","tag-liga-da-reciclagem","tag-lixo","tag-meio-ambiente","tag-porumcarnavalsustentavel","tag-reciclagem","tag-rio-de-janeiro","tag-sustentabilidade","tag-sustentavel"],"wps_subtitle":"","_links":{"self":[{"href":"https:\/\/grupomidia.com\/quemrealiza\/wp-json\/wp\/v2\/posts\/20264","targetHints":{"allow":["GET"]}}],"collection":[{"href":"https:\/\/grupomidia.com\/quemrealiza\/wp-json\/wp\/v2\/posts"}],"about":[{"href":"https:\/\/grupomidia.com\/quemrealiza\/wp-json\/wp\/v2\/types\/post"}],"author":[{"embeddable":true,"href":"https:\/\/grupomidia.com\/quemrealiza\/wp-json\/wp\/v2\/users\/1"}],"replies":[{"embeddable":true,"href":"https:\/\/grupomidia.com\/quemrealiza\/wp-json\/wp\/v2\/comments?post=20264"}],"version-history":[{"count":0,"href":"https:\/\/grupomidia.com\/quemrealiza\/wp-json\/wp\/v2\/posts\/20264\/revisions"}],"wp:featuredmedia":[{"embeddable":true,"href":"https:\/\/grupomidia.com\/quemrealiza\/wp-json\/wp\/v2\/media\/20265"}],"wp:attachment":[{"href":"https:\/\/grupomidia.com\/quemrealiza\/wp-json\/wp\/v2\/media?parent=20264"}],"wp:term":[{"taxonomy":"category","embeddable":true,"href":"https:\/\/grupomidia.com\/quemrealiza\/wp-json\/wp\/v2\/categories?post=20264"},{"taxonomy":"post_tag","embeddable":true,"href":"https:\/\/grupomidia.com\/quemrealiza\/wp-json\/wp\/v2\/tags?post=20264"}],"curies":[{"name":"wp","href":"https:\/\/api.w.org\/{rel}","templated":true}]}}