{"id":20089,"date":"2020-02-04T14:55:53","date_gmt":"2020-02-04T17:55:53","guid":{"rendered":"https:\/\/grupomidia.com\/quemrealiza\/?p=20089"},"modified":"2020-02-04T14:58:47","modified_gmt":"2020-02-04T17:58:47","slug":"temperatura-e-qualidade-do-ar-podem-prejudicar-a-saude-e-desempenho-no-trabalho","status":"publish","type":"post","link":"https:\/\/grupomidia.com\/quemrealiza\/temperatura-e-qualidade-do-ar-podem-prejudicar-a-saude-e-desempenho-no-trabalho\/","title":{"rendered":"Temperatura e qualidade do ar podem prejudicar a sa\u00fade e desempenho no trabalho"},"content":{"rendered":"<p>Existem diversas estrat\u00e9gias j\u00e1 comprovadas pela ci\u00eancia a respeito de medidas que podem ser tomadas para melhorar a produtividade no trabalho. Mas, o que poucas pessoas sabem \u00e9 que a temperatura e a qualidade do ar do ambiente influenciam diretamente nesse desempenho.<\/p>\n<p>\u00c9 comum, por exemplo, presenciar funcion\u00e1rios que n\u00e3o entram em acordo sobre a temperatura do ar condicionado. Sentir-se desconfort\u00e1vel no espa\u00e7o profissional leva a irrita\u00e7\u00e3o, falta de disposi\u00e7\u00e3o e diminui o rendimento. Al\u00e9m disso, o gasto de energia corporal aumenta para se adequar a climas extremamente frios ou quentes afetando a concentra\u00e7\u00e3o.<\/p>\n<p>Por causa do conforto t\u00e9rmico e de como isso afeta o desempenho alheio, manter a temperatura interna agrad\u00e1vel \u00e9, inclusive, uma recomenda\u00e7\u00e3o da Anvisa, a Ag\u00eancia Nacional de Vigil\u00e2ncia Sanit\u00e1ria. Promulgada em janeiro de 2003, a Resolu\u00e7\u00e3o n\u00ba 9 da ag\u00eancia fornece orienta\u00e7\u00e3o t\u00e9cnica referente aos padr\u00f5es de qualidade de ar interior em ambientes de uso p\u00fablico e coletivo, climatizados artificialmente. De acordo com o documento, a faixa recomend\u00e1vel de opera\u00e7\u00e3o deve variar de 23\u00b0C a 26\u00b0C.<\/p>\n<p>Entretanto, as preocupa\u00e7\u00f5es devem ir al\u00e9m da temperatura do ar condicionado, pois existem impurezas imposs\u00edveis de serem visualizadas a olho nu que prejudicam a qualidade do ar e causam s\u00e9rios danos a sa\u00fade. Para evitar problemas nesse sentido, a manuten\u00e7\u00e3o dos sistemas e equipamentos de ar precisam ser feitas regularmente.<\/p>\n<p>Hoje, par\u00e2metros devem ser cumpridos para que o ar respirado pelos ocupantes do estabelecimento esteja dentro das normas, e a Anvisa realiza a fiscaliza\u00e7\u00e3o da qualidade nos empreendimentos. Para a manuten\u00e7\u00e3o nos sistemas e equipamentos, \u00e9 definida uma rotina pelo Plano de Manuten\u00e7\u00e3o Opera\u00e7\u00e3o e Controle (PMOC), que tamb\u00e9m estabelece como obrigat\u00f3ria as an\u00e1lises semestrais.<\/p>\n<p>Cada vez mais, as empresas precisam se atentar a esses fatores para um ambiente de trabalho mais saud\u00e1vel e produtivo. \u201cH\u00e1 um bom tempo o ar condicionado passou de artigo de luxo para uma necessidade, n\u00e3o apenas pelo conforto t\u00e9rmico, mas pela qualidade do ar\u201d, destaca\u00a0Luiz\u00a0Clair Bolognesi J\u00fanior, gerente na Riberar, empresa que h\u00e1 mais de 35 anos atua na manuten\u00e7\u00e3o de sistemas de ar condicionado em grandes ambientes como supermercados, hot\u00e9is, shopping center, ind\u00fastria, usinas e hospitais.<\/p>\n<p>Luiz afirma ainda que para garantir uma boa instala\u00e7\u00e3o e vida \u00fatil do equipamento \u00e9 imprescind\u00edvel a presen\u00e7a de profissionais qualificados e credenciados, pois uma instala\u00e7\u00e3o malfeita leva ao consumo excessivo de energia, al\u00e9m de aumentar o risco de inc\u00eandio<\/p>\n","protected":false},"excerpt":{"rendered":"<p>Existem diversas estrat\u00e9gias j\u00e1 comprovadas pela ci\u00eancia a respeito de medidas que podem ser tomadas para melhorar a produtividade no trabalho. Mas, o que poucas pessoas sabem \u00e9 que a temperatura e a qualidade do ar do ambiente influenciam diretamente nesse desempenho. \u00c9 comum, por exemplo, presenciar funcion\u00e1rios que n\u00e3o entram em acordo sobre a [&hellip;]<\/p>\n","protected":false},"author":1,"featured_media":20092,"comment_status":"closed","ping_status":"closed","sticky":true,"template":"","format":"standard","meta":{"footnotes":""},"categories":[68],"tags":[756,757,431,758],"class_list":["post-20089","post","type-post","status-publish","format-standard","has-post-thumbnail","hentry","category-saude-bem-estar","tag-ar-condicionado","tag-produtividade","tag-saude","tag-temperatura"],"wps_subtitle":"","_links":{"self":[{"href":"https:\/\/grupomidia.com\/quemrealiza\/wp-json\/wp\/v2\/posts\/20089","targetHints":{"allow":["GET"]}}],"collection":[{"href":"https:\/\/grupomidia.com\/quemrealiza\/wp-json\/wp\/v2\/posts"}],"about":[{"href":"https:\/\/grupomidia.com\/quemrealiza\/wp-json\/wp\/v2\/types\/post"}],"author":[{"embeddable":true,"href":"https:\/\/grupomidia.com\/quemrealiza\/wp-json\/wp\/v2\/users\/1"}],"replies":[{"embeddable":true,"href":"https:\/\/grupomidia.com\/quemrealiza\/wp-json\/wp\/v2\/comments?post=20089"}],"version-history":[{"count":0,"href":"https:\/\/grupomidia.com\/quemrealiza\/wp-json\/wp\/v2\/posts\/20089\/revisions"}],"wp:featuredmedia":[{"embeddable":true,"href":"https:\/\/grupomidia.com\/quemrealiza\/wp-json\/wp\/v2\/media\/20092"}],"wp:attachment":[{"href":"https:\/\/grupomidia.com\/quemrealiza\/wp-json\/wp\/v2\/media?parent=20089"}],"wp:term":[{"taxonomy":"category","embeddable":true,"href":"https:\/\/grupomidia.com\/quemrealiza\/wp-json\/wp\/v2\/categories?post=20089"},{"taxonomy":"post_tag","embeddable":true,"href":"https:\/\/grupomidia.com\/quemrealiza\/wp-json\/wp\/v2\/tags?post=20089"}],"curies":[{"name":"wp","href":"https:\/\/api.w.org\/{rel}","templated":true}]}}