{"id":20067,"date":"2020-01-30T12:28:30","date_gmt":"2020-01-30T15:28:30","guid":{"rendered":"https:\/\/grupomidia.com\/quemrealiza\/?p=20067"},"modified":"2020-01-30T12:28:30","modified_gmt":"2020-01-30T15:28:30","slug":"conectaragro-supera-a-marca-de-cinco-milhoes-de-hectares-com-4g-no-brasil","status":"publish","type":"post","link":"https:\/\/grupomidia.com\/quemrealiza\/conectaragro-supera-a-marca-de-cinco-milhoes-de-hectares-com-4g-no-brasil\/","title":{"rendered":"ConectarAGRO supera a marca de cinco milh\u00f5es de hectares com 4G no Brasil"},"content":{"rendered":"<p><i>N\u00famero representa 10% da \u00e1rea cultivada no Pa\u00eds e comprova investimento da TIM na expans\u00e3o da cobertura de rede voltada para o agroneg\u00f3cio brasileiro<\/i><\/p>\n<div>\n<p>A iniciativa\u00a0<strong>ConectarAGRO<\/strong>\u00a0\u2013 viabilizada pela TIM, AGCO, Climate FieldView, CNH Industrial, Jacto, Nokia, Solinftec e Trimble \u2013 alcan\u00e7ou a marca de 5,1Mi\/ha conectados com a tecnologia 4G em 2019, superando em 100 mil hectares a meta inicialmente planejada. A marca alcan\u00e7ada representa 10% da \u00e1rea cultivada no Pa\u00eds, de acordo com dados da Embrapa. Formada em abril do ano passado, a iniciativa tem como objetivo principal expandir a disponibilidade da rede de quarta gera\u00e7\u00e3o no Pa\u00eds, contribuindo para facilitar o modo produtivo das fazendas em diversas regi\u00f5es do Brasil.<\/p>\n<p>\u201cConectar o campo \u00e9 fundamental para que o agroneg\u00f3cio brasileiro continue sendo refer\u00eancia mundial e um dos principais pilares da economia do Brasil. Atualmente, propriedades nas regi\u00f5es Centro-Oeste, Sudeste e Nordeste contam com a tecnologia 4G da TIM, com m\u00e1quinas e implementos agr\u00edcolas conectados. Essa evolu\u00e7\u00e3o traz mais precis\u00e3o e agilidade para o dia a dia das fazendas e contribui para a evolu\u00e7\u00e3o dos neg\u00f3cios dos produtores\u201d, afirma\u00a0Alexandre Dal Forno, Head de IoT e produtos Corporativos da TIM Brasil.<\/p>\n<p>Com a solu\u00e7\u00e3o de conectividade aberta, simples e acess\u00edvel promovida pelo ConectarAGRO, o produtor pode usufruir, de forma completa, dos recursos dispon\u00edveis para a agricultura de precis\u00e3o, com ferramentas digitais e de automa\u00e7\u00e3o para otimizar a produ\u00e7\u00e3o agr\u00edcola. Al\u00e9m disso, ele passa a ter acesso a produtos e servi\u00e7os habilitados com a disponibilidade da conectividade, como comunica\u00e7\u00e3o entre pessoas e m\u00e1quinas dentro das propriedades. O investimento avaliado pelo grupo para a implanta\u00e7\u00e3o da rede nas fazendas \u00e9 de cerca de meia saca de soja por hectare.<\/p>\n<p>Cada uma das oito empresas participantes contribui com sua expertise para tornar o agroneg\u00f3cio um ecossistema ideal que proporciona condi\u00e7\u00f5es favor\u00e1veis ao produtor rural, para que possa desenvolver do plantio \u00e0 colheita uma produ\u00e7\u00e3o sustent\u00e1vel, do ponto de vista econ\u00f4mico, e facilitada, por ter um n\u00famero maior de informa\u00e7\u00f5es \u00e0 sua disposi\u00e7\u00e3o.<\/p>\n<p>\u201cO ConectarAGRO tem o prop\u00f3sito de expandir as fronteiras da conex\u00e3o agr\u00edcola em todo o Pa\u00eds, contribuindo para o aumento da produtividade, reduzindo os custos de produ\u00e7\u00e3o e melhorando a competitividade do setor. Essa marca de conectividade alcan\u00e7ada \u00e9 importante, pois n\u00e3o apenas confirma a viabilidade da iniciativa como estabelece uma refer\u00eancia para expans\u00e3o significativa nos pr\u00f3ximos anos. Ainda mais importante, disponibiliza uma conectividade plena nas regi\u00f5es rurais impactadas que agora podem usufruir de forma completa dos benef\u00edcios e utilizar todo o potencial das tecnologias embarcadas nas m\u00e1quinas agr\u00edcolas, como telemetria e sistemas de automa\u00e7\u00e3o e digitaliza\u00e7\u00e3o. Com o campo cada vez mais conectado, a agricultura brasileira s\u00f3 tem a ganhar\u201d, avalia\u00a0Gregory Riordan, Diretor de Tecnologias Digitais da CNH Industrial para a Am\u00e9rica do Sul.<\/p>\n<\/div>\n","protected":false},"excerpt":{"rendered":"<p>N\u00famero representa 10% da \u00e1rea cultivada no Pa\u00eds e comprova investimento da TIM na expans\u00e3o da cobertura de rede voltada para o agroneg\u00f3cio brasileiro A iniciativa\u00a0ConectarAGRO\u00a0\u2013 viabilizada pela TIM, AGCO, Climate FieldView, CNH Industrial, Jacto, Nokia, Solinftec e Trimble \u2013 alcan\u00e7ou a marca de 5,1Mi\/ha conectados com a tecnologia 4G em 2019, superando em 100 [&hellip;]<\/p>\n","protected":false},"author":1,"featured_media":20068,"comment_status":"closed","ping_status":"closed","sticky":true,"template":"","format":"standard","meta":{"footnotes":""},"categories":[81],"tags":[749,748,290],"class_list":["post-20067","post","type-post","status-publish","format-standard","has-post-thumbnail","hentry","category-hi-tech","tag-agronegocio","tag-conectaragro","tag-tecnologia"],"wps_subtitle":"","_links":{"self":[{"href":"https:\/\/grupomidia.com\/quemrealiza\/wp-json\/wp\/v2\/posts\/20067","targetHints":{"allow":["GET"]}}],"collection":[{"href":"https:\/\/grupomidia.com\/quemrealiza\/wp-json\/wp\/v2\/posts"}],"about":[{"href":"https:\/\/grupomidia.com\/quemrealiza\/wp-json\/wp\/v2\/types\/post"}],"author":[{"embeddable":true,"href":"https:\/\/grupomidia.com\/quemrealiza\/wp-json\/wp\/v2\/users\/1"}],"replies":[{"embeddable":true,"href":"https:\/\/grupomidia.com\/quemrealiza\/wp-json\/wp\/v2\/comments?post=20067"}],"version-history":[{"count":0,"href":"https:\/\/grupomidia.com\/quemrealiza\/wp-json\/wp\/v2\/posts\/20067\/revisions"}],"wp:featuredmedia":[{"embeddable":true,"href":"https:\/\/grupomidia.com\/quemrealiza\/wp-json\/wp\/v2\/media\/20068"}],"wp:attachment":[{"href":"https:\/\/grupomidia.com\/quemrealiza\/wp-json\/wp\/v2\/media?parent=20067"}],"wp:term":[{"taxonomy":"category","embeddable":true,"href":"https:\/\/grupomidia.com\/quemrealiza\/wp-json\/wp\/v2\/categories?post=20067"},{"taxonomy":"post_tag","embeddable":true,"href":"https:\/\/grupomidia.com\/quemrealiza\/wp-json\/wp\/v2\/tags?post=20067"}],"curies":[{"name":"wp","href":"https:\/\/api.w.org\/{rel}","templated":true}]}}