{"id":19838,"date":"2019-09-18T11:19:49","date_gmt":"2019-09-18T14:19:49","guid":{"rendered":"https:\/\/grupomidia.com\/quemrealiza\/?p=19838"},"modified":"2019-09-18T11:19:49","modified_gmt":"2019-09-18T14:19:49","slug":"spa-de-luxo-chega-a-ribeirao-preto","status":"publish","type":"post","link":"https:\/\/grupomidia.com\/quemrealiza\/spa-de-luxo-chega-a-ribeirao-preto\/","title":{"rendered":"SPA de luxo chega a Ribeir\u00e3o Preto"},"content":{"rendered":"<p>Um novo conceito de SPA de Luxo vai chegar em Ribeir\u00e3o Preto (SP). Com um projeto diferenciado, o centro de terapias ser\u00e1 um ref\u00fagio para o relaxamento. Sofisticado, elegante e requintado, une tudo que os clientes precisam para desestressar da rotina cansativa do dia a dia, em uma experi\u00eancia marcante, com desligamento total dos problemas e ang\u00fastias do mundo exterior e equil\u00edbrio do corpo e da alma.<\/p>\n<p>A partir 1 de outubro, o Centro M\u00e9dico do Ribeir\u00e3oShopping vai receber o Arya Concept SPA com estrutura completa: recep\u00e7\u00e3o, \u00e1rea de ch\u00e1, quatro salas de tratamento, tr\u00eas salas de banho, sala VIP Day SPA, Sala VIP Noiva e Arya Spa Capilar.<\/p>\n<p>O nome Arya \u00e9 um desdobramento do italiano \u201caria\u201d, que significa \u201car\u201d. Os m\u00e9dicos Bruno de Carvalho Fantini e Beatriz Lopes Ferraz Elias est\u00e3o \u00e0 frente do empreendimento em Ribeir\u00e3o Preto e contam que a iniciativa para o projeto surgiu porque identificaram na cidade a falta de espa\u00e7os que ofere\u00e7am terapias e tratamentos de desestresse e relaxamento de alto padr\u00e3o. \u201cNosso objetivo \u00e9 que cada um que entre no spa respire relaxamento, exclusividade, equil\u00edbrio, sofistica\u00e7\u00e3o, privacidade, luxo e paz, ou seja, que vivenciem uma experi\u00eancia que vai marcar suas vidas \u201d, afirma Beatriz.<\/p>\n<p>O projeto do espa\u00e7o e do mobili\u00e1rio foi desenvolvido minuciosamente para proporcionar uma experi\u00eancia \u00fanica. \u201c\u00c9 um projeto diferente de tudo que Ribeir\u00e3o j\u00e1 viu. Aromas, pantufas, roup\u00f5es, \u00e1rea de ch\u00e1s, feixes de luz, tons terrosos, bordados, \u00e1rea verde, s\u00e3o somente alguns dos detalhes que o cliente Arya poder\u00e1 vivenciar. Al\u00e9m disso, a equipe \u00e9 altamente qualificada e treinada para oferecer um atendimento de excel\u00eancia\u201d, explica a m\u00e9dica e empres\u00e1ria.<\/p>\n<p>Outro diferencial do SPA \u00e9 que todas as terapias seguir\u00e3o um manual de protocolos desenvolvidos exclusivamente para o local, o que permite que sejam realizadas as mesmas t\u00e9cnicas em cada tratamento, independente do profissional que a execute. \u201cTeremos procedimentos e equipamentos in\u00e9ditos em Ribeir\u00e3o, como a sala hammam para o inebriante banho turno de vapor e a ducha vichy vinda da It\u00e1lia com mais de 120 jatos sendo disparados sobre seu corpo. S\u00e3o terapias que mesclam v\u00e1rias origens e influ\u00eancias, permitindo um leque ecl\u00e9tico que agrade a todos os p\u00fablicos, de todas as idades\u201d, revela Bruno de Carvalho.<\/p>\n<p>Fechando o ciclo terap\u00eautico, o cliente ainda tem uma experi\u00eancia gustativa com ch\u00e1s de carta exclusiva que s\u00e3o direcionados a cada terapia, al\u00e9m de Spa capilar, complementando as terapias corporais e faciais e espa\u00e7o VIP noiva, para o relaxamento de noiva, madrinhas e m\u00e3es para que, al\u00e9m de se arrumarem para o grande dia, tirem tamb\u00e9m fotos espetaculares.<\/p>\n<p><strong>Confira alguns dos servi\u00e7os que ser\u00e3o oferecidos pelo Arya Concept SPA:<\/strong><\/p>\n<p>Massagem Relaxante<\/p>\n<p>Massagem com Pedras Quentes<\/p>\n<p>Massagem com Bambus<\/p>\n<p>Massagem com Velas<\/p>\n<p>Massagem com Pindas<\/p>\n<p>Ventosaterapia<\/p>\n<p>Auriculoterapia<\/p>\n<p>Cromoterapia<\/p>\n<p>Shiatsu<\/p>\n<p>Shiatsu Facial<\/p>\n<p>Acupuntura<\/p>\n<p>Reflexologia Podal<\/p>\n<p>Spa dos P\u00e9s<\/p>\n<p>Massagem Ayurvedica<\/p>\n<p>Shirodhara<\/p>\n<p>Magnetoterapia<\/p>\n<p>Gommage<\/p>\n<p>Argiloterapia Facial<\/p>\n<p>Banhos de imers\u00e3o<\/p>\n<p>Hammam (banho turco)<\/p>\n<p>Ducha Vichy<\/p>\n<p>Reiki<\/p>\n<p>Barra de Access<\/p>\n<p>Alongamento<\/p>\n<p>Massagem Desintoxicante<\/p>\n<p>Yoga<\/p>\n<p>Mubun Dashin (acupuntura abdominal)<\/p>\n<p>Tok Sen Mob\u00e1<\/p>\n<p>Thai Massage<\/p>\n<p>Psicoaromaterapia<\/p>\n<p>Tratamentos combinados<\/p>\n<p>Mini Day Spa<\/p>\n<p>Vip Day Spa<\/p>\n","protected":false},"excerpt":{"rendered":"<p>Um novo conceito de SPA de Luxo vai chegar em Ribeir\u00e3o Preto (SP). Com um projeto diferenciado, o centro de terapias ser\u00e1 um ref\u00fagio para o relaxamento. Sofisticado, elegante e requintado, une tudo que os clientes precisam para desestressar da rotina cansativa do dia a dia, em uma experi\u00eancia marcante, com desligamento total dos problemas [&hellip;]<\/p>\n","protected":false},"author":1,"featured_media":19839,"comment_status":"closed","ping_status":"closed","sticky":true,"template":"","format":"standard","meta":{"footnotes":""},"categories":[68],"tags":[587,588],"class_list":["post-19838","post","type-post","status-publish","format-standard","has-post-thumbnail","hentry","category-saude-bem-estar","tag-spa","tag-tratamentos"],"wps_subtitle":"","_links":{"self":[{"href":"https:\/\/grupomidia.com\/quemrealiza\/wp-json\/wp\/v2\/posts\/19838","targetHints":{"allow":["GET"]}}],"collection":[{"href":"https:\/\/grupomidia.com\/quemrealiza\/wp-json\/wp\/v2\/posts"}],"about":[{"href":"https:\/\/grupomidia.com\/quemrealiza\/wp-json\/wp\/v2\/types\/post"}],"author":[{"embeddable":true,"href":"https:\/\/grupomidia.com\/quemrealiza\/wp-json\/wp\/v2\/users\/1"}],"replies":[{"embeddable":true,"href":"https:\/\/grupomidia.com\/quemrealiza\/wp-json\/wp\/v2\/comments?post=19838"}],"version-history":[{"count":0,"href":"https:\/\/grupomidia.com\/quemrealiza\/wp-json\/wp\/v2\/posts\/19838\/revisions"}],"wp:featuredmedia":[{"embeddable":true,"href":"https:\/\/grupomidia.com\/quemrealiza\/wp-json\/wp\/v2\/media\/19839"}],"wp:attachment":[{"href":"https:\/\/grupomidia.com\/quemrealiza\/wp-json\/wp\/v2\/media?parent=19838"}],"wp:term":[{"taxonomy":"category","embeddable":true,"href":"https:\/\/grupomidia.com\/quemrealiza\/wp-json\/wp\/v2\/categories?post=19838"},{"taxonomy":"post_tag","embeddable":true,"href":"https:\/\/grupomidia.com\/quemrealiza\/wp-json\/wp\/v2\/tags?post=19838"}],"curies":[{"name":"wp","href":"https:\/\/api.w.org\/{rel}","templated":true}]}}