{"id":19483,"date":"2019-06-18T11:13:09","date_gmt":"2019-06-18T14:13:09","guid":{"rendered":"http:\/\/grupomidia.com\/quemrealiza\/?p=19483"},"modified":"2019-06-19T09:36:46","modified_gmt":"2019-06-19T12:36:46","slug":"confira-os-detalhes-do-memorial-em-homenagem-a-karl-lagerfeld-que-acontece-esta-semana-em-paris","status":"publish","type":"post","link":"https:\/\/grupomidia.com\/quemrealiza\/confira-os-detalhes-do-memorial-em-homenagem-a-karl-lagerfeld-que-acontece-esta-semana-em-paris\/","title":{"rendered":"Confira os detalhes do memorial em homenagem a Karl Lagerfeld, que acontece esta semana em Paris"},"content":{"rendered":"<p>Karl Lagerfeld pode ter tido uma cerim\u00f4nia de crema\u00e7\u00e3o discreta, restrita a pouqu\u00edssimos e \u00edntimos amigos, mas o memorial em homenagem ao diretor criativo da Chanel e da Fendi, que acontece nesta quinta-feira (20.06) em Paris, ser\u00e1 uma festa de propor\u00e7\u00f5es espetaculares &#8211; assim como seu legado na moda.<\/p>\n<p>Poucos dias ap\u00f3s o evento, o diretor do memorial Karl For Ever revelou os detalhes da noite, que vai reunir 2000 convidados:<\/p>\n<p><strong>O ambiente<br \/>\n<\/strong>O Grand Palais vai servir de palco para a celebra\u00e7\u00e3o e ser\u00e1 coberto com 56 enormes retratos de Karl, al\u00e9m de tr\u00eas telas de LED gigantes, tapetes exclusivos, dois pianos criados pelo estilista em ocasi\u00e3o dos 150 anos da Steinway, dois bares e um palco principal, onde acontecer\u00e3o as apresenta\u00e7\u00f5es da noite.<\/p>\n<div id=\"pub-materia-2\" class=\"adv adv-article \" data-advertising=\"0\" data-advertising-status=\"complete\" data-google-query-id=\"CNX2pNmZ8-ICFZINgQod9NYJ1A\">\n<p><strong>As performances<br \/>\n<\/strong>No palco, v\u00e3o se apresentar Pharrell Williams, o dan\u00e7arino Lil Buck, o violinista Charlie Siem a modelo e atriz Cara Delevingne e as atrizes Helen Mirren, Fanny Ardant e Tilda Swinton, que vai ler um trecho de Orlando, livro de Virgina Wolf, em que a autora fala sobre o significado das roupas. Orlando era, segundo Robert Carsen, o personagem de fic\u00e7\u00e3o favorito de Karl Lagerfeld.<\/p>\n<p>O grupo de tango German Cornejo, com 18 dan\u00e7arinos e sete m\u00fasicos, tamb\u00e9m se apresenta no palco da noite, representando a admira\u00e7\u00e3o do kaiser pela m\u00fasica latina.<\/p>\n<p><strong>Os depoimentos<br \/>\n<\/strong>Nos tel\u00f5es, uma s\u00e9rie de 60 depoimentos sobre Karl Lagerfeld, exclusivos para o memorial Karl For Ever, ser\u00e3o exibidos. Entre os convidados para falar sobre o estilista est\u00e3o Alain Gerard (ao lado do irm\u00e3o, Gerard), um dos donos principais da Chanel e famoso por jamais dar entrevistas, al\u00e9m dos estilistas Nicolas Ghesqui\u00e8re, Maria Grazia Chiuri, Haider Ackermann, Clare Waight Keller, Jonathan Anderson, Simon Porte Jacquemus e Kris Van Assche.<\/p>\n<p>Entre as modelos, Gigi Hadid, Claudia Schiffer, Carla Bruni e Natalia Vodianova tamb\u00e9m dar\u00e3o seus depoimentos, assim como as atrizes Carole Bouquet, Vanessa Paradis e Anna Mouglalis.<\/p>\n<p>Na lista, est\u00e3o ainda Bernard Arnault, CEO do Grupo LVMH e Bruno Pavlovsky, presidente da Chanel. Mas a lista \u00e9 ainda mais comprida, e conta ainda com a Princesa Caroline de Hanover, o artista pl\u00e1stico Jeff Koons e o diretor Baz Luhrmann.<\/p>\n<p><strong>Choupette<br \/>\n<\/strong>A gatinha, xod\u00f3 absoluto do estilista, vai aparecer entre os depoimentos, em uma homenagem especial.<\/p>\n<p><strong>Mestre de cerim\u00f4nias<br \/>\n<\/strong>Robert Carsen explicou que descartou o papel de um mestre de cerim\u00f4nias, preferindo editar uma s\u00e9rie de trechos de entrevistas de Lagerfeld, deixando que ele mesmo narrasse os acontecimentos da noite.<\/p>\n<p><strong>Os convidados<br \/>\n<\/strong>Entre os convidados da noite est\u00e3o Ralph Lauren, Valentino Garavani, a prefeita de Paris Anne Hidalgo e Brigitte Macron, primeira dama da Fran\u00e7a, entre uma lista que vai cobrir atrizes, modelos, editores e outros nomes de peso da moda.<\/p>\n<p><em>Fonte: Vogue Magazine<\/em><\/p>\n<\/div>\n","protected":false},"excerpt":{"rendered":"<p>Karl Lagerfeld pode ter tido uma cerim\u00f4nia de crema\u00e7\u00e3o discreta, restrita a pouqu\u00edssimos e \u00edntimos amigos, mas o memorial em homenagem ao diretor criativo da Chanel e da Fendi, que acontece nesta quinta-feira (20.06) em Paris, ser\u00e1 uma festa de propor\u00e7\u00f5es espetaculares &#8211; assim como seu legado na moda. Poucos dias ap\u00f3s o evento, o [&hellip;]<\/p>\n","protected":false},"author":1,"featured_media":19484,"comment_status":"closed","ping_status":"closed","sticky":true,"template":"","format":"standard","meta":{"footnotes":""},"categories":[76,71],"tags":[405,419,427,423,420,428,421,415,417,393,409,414,402,413,403,408,422,410,400,401,412,407,416,406,424,425,411,404,426,418],"class_list":["post-19483","post","type-post","status-publish","format-standard","has-post-thumbnail","hentry","category-moda-beleza","category-tendencias","tag-alain-gerard","tag-anna-mouglalis","tag-anne-hidalgo","tag-baz-luhrmann","tag-bernard-arnault","tag-brigitte-macron","tag-bruno-pavlovsky","tag-carla-bruni","tag-carole-bouquet","tag-chanel","tag-clare-waight-keller","tag-claudia-schiffer","tag-fendi","tag-gigi-hadid","tag-grand-palais","tag-haider-ackermann","tag-jeff-koons","tag-jonathan-anderson","tag-karl-for-ever","tag-karl-lagerfeld","tag-kris-van-assche","tag-maria-grazia-chiuri","tag-natalia-vodianova","tag-nicolas-ghesquiere","tag-princesa-caroline-de-hanover","tag-ralph-lauren","tag-simon-porte-jacquemus","tag-steinway","tag-valentino-garavani","tag-vanessa-paradis"],"wps_subtitle":"","_links":{"self":[{"href":"https:\/\/grupomidia.com\/quemrealiza\/wp-json\/wp\/v2\/posts\/19483","targetHints":{"allow":["GET"]}}],"collection":[{"href":"https:\/\/grupomidia.com\/quemrealiza\/wp-json\/wp\/v2\/posts"}],"about":[{"href":"https:\/\/grupomidia.com\/quemrealiza\/wp-json\/wp\/v2\/types\/post"}],"author":[{"embeddable":true,"href":"https:\/\/grupomidia.com\/quemrealiza\/wp-json\/wp\/v2\/users\/1"}],"replies":[{"embeddable":true,"href":"https:\/\/grupomidia.com\/quemrealiza\/wp-json\/wp\/v2\/comments?post=19483"}],"version-history":[{"count":0,"href":"https:\/\/grupomidia.com\/quemrealiza\/wp-json\/wp\/v2\/posts\/19483\/revisions"}],"wp:featuredmedia":[{"embeddable":true,"href":"https:\/\/grupomidia.com\/quemrealiza\/wp-json\/wp\/v2\/media\/19484"}],"wp:attachment":[{"href":"https:\/\/grupomidia.com\/quemrealiza\/wp-json\/wp\/v2\/media?parent=19483"}],"wp:term":[{"taxonomy":"category","embeddable":true,"href":"https:\/\/grupomidia.com\/quemrealiza\/wp-json\/wp\/v2\/categories?post=19483"},{"taxonomy":"post_tag","embeddable":true,"href":"https:\/\/grupomidia.com\/quemrealiza\/wp-json\/wp\/v2\/tags?post=19483"}],"curies":[{"name":"wp","href":"https:\/\/api.w.org\/{rel}","templated":true}]}}