{"id":19477,"date":"2019-06-18T10:30:45","date_gmt":"2019-06-18T13:30:45","guid":{"rendered":"http:\/\/grupomidia.com\/quemrealiza\/?p=19477"},"modified":"2019-06-18T10:37:09","modified_gmt":"2019-06-18T13:37:09","slug":"gloria-vanderbilt-socialite-e-modelo-morre-aos-95-anos","status":"publish","type":"post","link":"https:\/\/grupomidia.com\/quemrealiza\/gloria-vanderbilt-socialite-e-modelo-morre-aos-95-anos\/","title":{"rendered":"Gloria Vanderbilt, socialite e modelo, morre aos 95 anos"},"content":{"rendered":"<p>A morte da designer de moda norte-americana Gloria Vanderbilt foi anunciada nesta segunda-feira pelo seu filho Anderson Cooper, jornalista da CNN. Gloria, que nasceu em Nova York em 1924, era trineta do magnata ferrovi\u00e1rio Cornelius Vanderbilt. Quando nasceu, j\u00e1 era herdeira de uma fortuna. Na d\u00e9cada de 1930, esteve no centro de uma disputa judicial entre a m\u00e3e, Gloria Morgan Vanderbilt, e uma tia paterna (seu pai morreu quando ela tinha apenas 1 ano) por sua cust\u00f3dia. Por fim, a tutela foi para a tia, Gertrude Vanderbilt Whitney, fundadora do Museu Whitney de Arte Americana.<\/p>\n<p>Ao completar 18 anos, come\u00e7ou a escrever a sua eletrizante trajet\u00f3ria, que inclui quatro casamentos, romances com celebridades, como Frank Sinatra e Marlon Brando, e quatro filhos; um deles, cometeu suic\u00eddio na sua frente. Foi atriz da Broadway na d\u00e9cada de 1950 e modelo famosa nos anos 1960. Na d\u00e9cada seguinte, consagrou-se ao lan\u00e7ar a marca de jeans que levava o seu nome. Os modelos eram justos e tinham a sua assinatura bordada no bolso de tr\u00e1s. Ela tamb\u00e9m foi pintora, escritora \u2014 lan\u00e7ou, inclusive, um romance er\u00f3tico, &#8220;Obsession&#8221; \u2014 , atuou em s\u00e9ries de TV americanas e deu nome a perfumes.<\/p>\n<p>Em comunicado, Anderson Cooper disse:<\/p>\n<blockquote><p>&#8220;Gloria Vanderbilt era uma mulher extraordin\u00e1ria, que amava a vida e vivia por suas pr\u00f3prias regras. Ela era uma pintora, escritora, estilista, mas tamb\u00e9m uma \u00f3tima m\u00e3e, esposa e amiga. Ela estava com 95 anos, mas pode perguntar a qualquer pessoa pr\u00f3xima a ela e elas te dir\u00e3o que ela era a pessoa mais jovial que conheceram, a mais cool, a mais moderna.&#8221;<\/p><\/blockquote>\n<p>V\u00edtima de um c\u00e2ncer de est\u00f4mago, Gloria morreu em sua casa, em Manhattan, ao lado de familiares e amigos.<\/p>\n","protected":false},"excerpt":{"rendered":"<p>A morte da designer de moda norte-americana Gloria Vanderbilt foi anunciada nesta segunda-feira pelo seu filho Anderson Cooper, jornalista da CNN. Gloria, que nasceu em Nova York em 1924, era trineta do magnata ferrovi\u00e1rio Cornelius Vanderbilt. Quando nasceu, j\u00e1 era herdeira de uma fortuna. Na d\u00e9cada de 1930, esteve no centro de uma disputa judicial [&hellip;]<\/p>\n","protected":false},"author":1,"featured_media":19478,"comment_status":"closed","ping_status":"closed","sticky":true,"template":"","format":"standard","meta":{"footnotes":""},"categories":[69],"tags":[399],"class_list":["post-19477","post","type-post","status-publish","format-standard","has-post-thumbnail","hentry","category-cotidiano","tag-gloria-vanderbilt"],"wps_subtitle":"","_links":{"self":[{"href":"https:\/\/grupomidia.com\/quemrealiza\/wp-json\/wp\/v2\/posts\/19477","targetHints":{"allow":["GET"]}}],"collection":[{"href":"https:\/\/grupomidia.com\/quemrealiza\/wp-json\/wp\/v2\/posts"}],"about":[{"href":"https:\/\/grupomidia.com\/quemrealiza\/wp-json\/wp\/v2\/types\/post"}],"author":[{"embeddable":true,"href":"https:\/\/grupomidia.com\/quemrealiza\/wp-json\/wp\/v2\/users\/1"}],"replies":[{"embeddable":true,"href":"https:\/\/grupomidia.com\/quemrealiza\/wp-json\/wp\/v2\/comments?post=19477"}],"version-history":[{"count":0,"href":"https:\/\/grupomidia.com\/quemrealiza\/wp-json\/wp\/v2\/posts\/19477\/revisions"}],"wp:featuredmedia":[{"embeddable":true,"href":"https:\/\/grupomidia.com\/quemrealiza\/wp-json\/wp\/v2\/media\/19478"}],"wp:attachment":[{"href":"https:\/\/grupomidia.com\/quemrealiza\/wp-json\/wp\/v2\/media?parent=19477"}],"wp:term":[{"taxonomy":"category","embeddable":true,"href":"https:\/\/grupomidia.com\/quemrealiza\/wp-json\/wp\/v2\/categories?post=19477"},{"taxonomy":"post_tag","embeddable":true,"href":"https:\/\/grupomidia.com\/quemrealiza\/wp-json\/wp\/v2\/tags?post=19477"}],"curies":[{"name":"wp","href":"https:\/\/api.w.org\/{rel}","templated":true}]}}