{"id":19337,"date":"2019-06-07T13:41:35","date_gmt":"2019-06-07T16:41:35","guid":{"rendered":"http:\/\/grupomidia.com\/quemrealiza\/?p=19337"},"modified":"2019-06-07T13:41:35","modified_gmt":"2019-06-07T16:41:35","slug":"3-microtendencias-do-inverno-para-ficar-de-olho","status":"publish","type":"post","link":"https:\/\/grupomidia.com\/quemrealiza\/3-microtendencias-do-inverno-para-ficar-de-olho\/","title":{"rendered":"3 microtend\u00eancias do inverno para ficar de olho"},"content":{"rendered":"<p><strong>Tend\u00eancias<\/strong>\u00a0v\u00eam e v\u00e3o, isso \u00e9 um fato. Enquanto algumas durem por temporadas e temporadas &#8212; vide sneakers, tie dye e &#8212;\u00a0 outras t\u00eam um ciclo de vida bem mais curto: esse \u00e9 o caso das microtend\u00eancias. Nessa din\u00e2mica, o melhor momento para investir em uma<strong>\u00a0tend\u00eancia\u00a0<\/strong>\u00e9 quando ela est\u00e1 apenas desabrochando. Aquele momento entre ela despontar nas passarelas e antes de virar lugar-comum. O melhor \u00e9 quando identificamos uma tend\u00eancia incipiente e adota antes de ela explodir.<\/p>\n<p>Com nosso radar fashion ligado 24\/7, identificamos jutamente essas\u00a0<strong>microtend\u00eancias\u00a0<\/strong>com potencial para conquistar guarda-roupas por a\u00ed.<\/p>\n<p><strong>1. Tartan laranja<\/strong><br \/>\nA estampa cl\u00e1ssica escocesa &#8212; que n\u00f3s chamamos comumente de<strong>xadrez\u00a0<\/strong>&#8212; aparece todo inverno nos tons de vermelho e marrom. Fique de olho em tons mais vivos (pense nos figurinos de Patricinhas de Beverly Hills) como laranja e amarelo e misture com pretos, como manda a\u00a0tend\u00eancia g\u00f3tica-grunge\u00a0que vem despontando neste inverno.<\/p>\n<div id=\"pub-materia-2\" class=\"adv adv-article \" data-advertising=\"0\" data-advertising-status=\"complete\" data-google-query-id=\"CInM_fjm1-ICFccMswAdS6kPBw\"><img loading=\"lazy\" decoding=\"async\" class=\"aligncenter wp-image-19338\" src=\"http:\/\/grupomidia.com\/quemrealiza\/wp-content\/uploads\/2019\/06\/laranja-300x200.jpg\" alt=\"\" width=\"600\" height=\"400\" title=\"\" srcset=\"https:\/\/grupomidia.com\/quemrealiza\/wp-content\/uploads\/2019\/06\/laranja-300x200.jpg 300w, https:\/\/grupomidia.com\/quemrealiza\/wp-content\/uploads\/2019\/06\/laranja-768x512.jpg 768w, https:\/\/grupomidia.com\/quemrealiza\/wp-content\/uploads\/2019\/06\/laranja.jpg 1024w\" sizes=\"auto, (max-width: 600px) 100vw, 600px\" \/><\/div>\n<div data-advertising=\"0\" data-advertising-status=\"complete\" data-google-query-id=\"CInM_fjm1-ICFccMswAdS6kPBw\">\n<p><strong>2. Cardig\u00e3s longos<\/strong><\/p>\n<p>De tric\u00f4 e bem grossos, os\u00a0<strong>cardig\u00e3s longos\u00a0<\/strong>s\u00e3o a pe\u00e7a mais confort\u00e1vel para se usar no inverno, seja na rua ou num dia de pregui\u00e7a em casa. Ali\u00e1s, cada vez mais pe\u00e7as que s\u00e3o t\u00edpicas do loungewear (pense em pijamas, sapatos que lembram pantufas e camisetas podrinhas) v\u00eam saindo do per\u00edmero da casa e tomando as ruas. Fique atenta para os cardig\u00e3s de mangas extralongas e bot\u00f5es grandes.<\/p>\n<p><img loading=\"lazy\" decoding=\"async\" class=\"aligncenter wp-image-19339\" src=\"http:\/\/grupomidia.com\/quemrealiza\/wp-content\/uploads\/2019\/06\/cardig\u00e3-200x300.jpg\" alt=\"\" width=\"600\" height=\"900\" title=\"\" srcset=\"https:\/\/grupomidia.com\/quemrealiza\/wp-content\/uploads\/2019\/06\/cardig\u00e3-200x300.jpg 200w, https:\/\/grupomidia.com\/quemrealiza\/wp-content\/uploads\/2019\/06\/cardig\u00e3-683x1024.jpg 683w, https:\/\/grupomidia.com\/quemrealiza\/wp-content\/uploads\/2019\/06\/cardig\u00e3-300x450.jpg 300w, https:\/\/grupomidia.com\/quemrealiza\/wp-content\/uploads\/2019\/06\/cardig\u00e3.jpg 560w\" sizes=\"auto, (max-width: 600px) 100vw, 600px\" \/><\/p>\n<p><strong>3. Bolsa com fecho da vov\u00f3<\/strong><\/p>\n<p>Lembra da tend\u00eancia\u00a0grandma dressing? Pois a<strong>\u00a0bolsa de ares vintage<\/strong>com fecho em metal tipo clasp \u00e9 um dos acess\u00f3rios que deve voltar em pe\u00e7as maiores do que meras clutches.<\/p>\n<p><img loading=\"lazy\" decoding=\"async\" class=\"wp-image-19340 aligncenter\" src=\"http:\/\/grupomidia.com\/quemrealiza\/wp-content\/uploads\/2019\/06\/vov\u00f3-300x198.jpg\" alt=\"\" width=\"600\" height=\"396\" title=\"\"><\/p>\n<figure><figcaption><\/figcaption><\/figure>\n<\/div>\n","protected":false},"excerpt":{"rendered":"<p>Tend\u00eancias\u00a0v\u00eam e v\u00e3o, isso \u00e9 um fato. Enquanto algumas durem por temporadas e temporadas &#8212; vide sneakers, tie dye e &#8212;\u00a0 outras t\u00eam um ciclo de vida bem mais curto: esse \u00e9 o caso das microtend\u00eancias. Nessa din\u00e2mica, o melhor momento para investir em uma\u00a0tend\u00eancia\u00a0\u00e9 quando ela est\u00e1 apenas desabrochando. Aquele momento entre ela despontar [&hellip;]<\/p>\n","protected":false},"author":1,"featured_media":19340,"comment_status":"closed","ping_status":"closed","sticky":true,"template":"","format":"standard","meta":{"footnotes":""},"categories":[76],"tags":[351,240,350],"class_list":["post-19337","post","type-post","status-publish","format-standard","has-post-thumbnail","hentry","category-moda-beleza","tag-inverno","tag-moda","tag-tendencia"],"wps_subtitle":"","_links":{"self":[{"href":"https:\/\/grupomidia.com\/quemrealiza\/wp-json\/wp\/v2\/posts\/19337","targetHints":{"allow":["GET"]}}],"collection":[{"href":"https:\/\/grupomidia.com\/quemrealiza\/wp-json\/wp\/v2\/posts"}],"about":[{"href":"https:\/\/grupomidia.com\/quemrealiza\/wp-json\/wp\/v2\/types\/post"}],"author":[{"embeddable":true,"href":"https:\/\/grupomidia.com\/quemrealiza\/wp-json\/wp\/v2\/users\/1"}],"replies":[{"embeddable":true,"href":"https:\/\/grupomidia.com\/quemrealiza\/wp-json\/wp\/v2\/comments?post=19337"}],"version-history":[{"count":0,"href":"https:\/\/grupomidia.com\/quemrealiza\/wp-json\/wp\/v2\/posts\/19337\/revisions"}],"wp:featuredmedia":[{"embeddable":true,"href":"https:\/\/grupomidia.com\/quemrealiza\/wp-json\/wp\/v2\/media\/19340"}],"wp:attachment":[{"href":"https:\/\/grupomidia.com\/quemrealiza\/wp-json\/wp\/v2\/media?parent=19337"}],"wp:term":[{"taxonomy":"category","embeddable":true,"href":"https:\/\/grupomidia.com\/quemrealiza\/wp-json\/wp\/v2\/categories?post=19337"},{"taxonomy":"post_tag","embeddable":true,"href":"https:\/\/grupomidia.com\/quemrealiza\/wp-json\/wp\/v2\/tags?post=19337"}],"curies":[{"name":"wp","href":"https:\/\/api.w.org\/{rel}","templated":true}]}}