{"id":19002,"date":"2019-05-14T14:14:35","date_gmt":"2019-05-14T17:14:35","guid":{"rendered":"https:\/\/quemrealiza.grupomidia.com\/?p=19002"},"modified":"2019-05-27T14:49:48","modified_gmt":"2019-05-27T17:49:48","slug":"por-terra-ou-mar-viaje-pelos-patrimonios-mundiais-e-belezas-naturais-da-croacia","status":"publish","type":"post","link":"https:\/\/grupomidia.com\/quemrealiza\/por-terra-ou-mar-viaje-pelos-patrimonios-mundiais-e-belezas-naturais-da-croacia\/","title":{"rendered":"Por terra ou mar, viaje pelos Patrim\u00f4nios Mundiais e belezas naturais da Cro\u00e1cia"},"content":{"rendered":"<p style=\"font-weight: 400;\">Quase 20 milh\u00f5es de turistas estiveram na Cro\u00e1cia em 2018 viajando pelas suas principais cidades e pela sua capital, Zagreb. Para quem quer conhecer as belezas naturais croatas e seus Patrim\u00f4nios Mundiais, a Fran\u00e7atur oferece um cruzeiro e dois roteiros terrestres, que apresentam n\u00e3o s\u00f3 as famosas atra\u00e7\u00f5es do pa\u00eds, mas tamb\u00e9m incluem passagens por regi\u00f5es vizinhas, em Montenegro, B\u00f3snia-Herzegovina e Eslov\u00eania. <img loading=\"lazy\" decoding=\"async\" class=\"size-medium wp-image-19003 alignleft\" src=\"http:\/\/grupomidia.com\/quemrealiza\/wp-content\/uploads\/2019\/05\/dubrovnik-city-2236067_1280-300x169.jpg\" alt=\"\" width=\"300\" height=\"169\" title=\"\" srcset=\"https:\/\/grupomidia.com\/quemrealiza\/wp-content\/uploads\/2019\/05\/dubrovnik-city-2236067_1280-300x169.jpg 300w, https:\/\/grupomidia.com\/quemrealiza\/wp-content\/uploads\/2019\/05\/dubrovnik-city-2236067_1280-768x432.jpg 768w, https:\/\/grupomidia.com\/quemrealiza\/wp-content\/uploads\/2019\/05\/dubrovnik-city-2236067_1280-1024x576.jpg 1024w, https:\/\/grupomidia.com\/quemrealiza\/wp-content\/uploads\/2019\/05\/dubrovnik-city-2236067_1280.jpg 1280w\" sizes=\"auto, (max-width: 300px) 100vw, 300px\" \/><\/p>\n<p style=\"font-weight: 400;\">Destino mais visitado da Cro\u00e1cia, a bela Dubrovnik \u00e9 imperd\u00edvel. Cercado por mais de 2.000 metros de muralha, o seu centro antigo \u00e9 um dos v\u00e1rios Patrim\u00f4nios Mundiais da Unesco. Na mesma viagem, tamb\u00e9m pode-se visitar a pequena cidade medieval de Trogir, o F\u00f3rum Romano de Zadar e a famosa Split, onde est\u00e1 o pal\u00e1cio constru\u00eddo pelo imperador Diocleciano no s\u00e9culo 4, cen\u00e1rio da s\u00e9rie\u00a0<em>Game of Thrones<\/em>.<\/p>\n<p style=\"font-weight: 400;\">Quem escolher os roteiros terrestres conhece mais dois lugares marcantes: Zagreb, a capital croata, e o Parque Nacional dos Lagos de Plitvice, conjunto de 16 lagos unidos por 92 cascatas em um verdadeiro espet\u00e1culo da natureza, n\u00e3o \u00e0 toa est\u00e1 listado na Unesco como Patrim\u00f4nio Mundial. \u00c9 poss\u00edvel tamb\u00e9m visitar Korcula, ilha no Adri\u00e1tico, onde teria nascido o navegador Marco Polo.<\/p>\n<p style=\"font-weight: 400;\">J\u00e1 o cruzeiro prev\u00ea paradas para mergulho em \u00e1guas cristalinas \u2014 um dos lugares \u00e9 o Parque Nacional Kornati, que re\u00fane em torno de 140 ilhas. Com este roteiro, o turista ainda pode observar os vinhedos e os campos de lavanda que adornam a paisagem de Hvar.<img loading=\"lazy\" decoding=\"async\" class=\"size-medium wp-image-19004 alignright\" src=\"http:\/\/grupomidia.com\/quemrealiza\/wp-content\/uploads\/2019\/05\/korcula-572376_1280-300x199.jpg\" alt=\"\" width=\"300\" height=\"199\" title=\"\" srcset=\"https:\/\/grupomidia.com\/quemrealiza\/wp-content\/uploads\/2019\/05\/korcula-572376_1280-300x199.jpg 300w, https:\/\/grupomidia.com\/quemrealiza\/wp-content\/uploads\/2019\/05\/korcula-572376_1280-768x510.jpg 768w, https:\/\/grupomidia.com\/quemrealiza\/wp-content\/uploads\/2019\/05\/korcula-572376_1280-1024x680.jpg 1024w, https:\/\/grupomidia.com\/quemrealiza\/wp-content\/uploads\/2019\/05\/korcula-572376_1280.jpg 1265w\" sizes=\"auto, (max-width: 300px) 100vw, 300px\" \/><\/p>\n<p style=\"font-weight: 400;\">Nos pa\u00edses vizinhos, vale destacar a diversidade cultural e religiosa de Sarajevo,\u00a0na B\u00f3snia-Herzegovina, com constru\u00e7\u00f5es como a Igreja Ortodoxa e a Mesquita de Gazi Husrev-Beg, ambas do s\u00e9culo 16. Na passagem por Montenegro aprecia-se a Ba\u00eda de Kotor, Patrim\u00f4nio Mundial e \u00fanico fiorde do Mediterr\u00e2neo. O verde esmeralda do Lago Bled, a capital (Liubliana) e os 20 quil\u00f4metros da Caverna de Postojna s\u00e3o tesouros vistos na Eslov\u00eania. Essa viagem \u00e9 uma chance rara de unir encantos naturais a cidades carregadas de simbolismo.<\/p>\n","protected":false},"excerpt":{"rendered":"<p>Quase 20 milh\u00f5es de turistas estiveram na Cro\u00e1cia em 2018 viajando pelas suas principais cidades e pela sua capital, Zagreb. Para quem quer conhecer as belezas naturais croatas e seus Patrim\u00f4nios Mundiais, a Fran\u00e7atur oferece um cruzeiro e dois roteiros terrestres, que apresentam n\u00e3o s\u00f3 as famosas atra\u00e7\u00f5es do pa\u00eds, mas tamb\u00e9m incluem passagens por [&hellip;]<\/p>\n","protected":false},"author":1,"featured_media":19005,"comment_status":"closed","ping_status":"closed","sticky":true,"template":"","format":"standard","meta":{"footnotes":""},"categories":[82],"tags":[88,107,115,141,149,153,164,177,180,203,217,221,228,231,232,255,256,259,265,281,286,301,315],"class_list":["post-19002","post","type-post","status-publish","format-standard","has-post-thumbnail","hentry","category-destino","tag-adriatico","tag-baia-de-kotor","tag-bosnia-herzegovina","tag-croacia","tag-diocleciano","tag-dubrovnik","tag-eslovenia","tag-francatur","tag-game-of-thrones","tag-hvar","tag-korcula","tag-liubliana","tag-marco-polo","tag-mediterraneo","tag-mesquita-de-gazi-husrev-beg","tag-parque-nacional-dos-lagos-de-plitvice","tag-parque-nacional-kornati","tag-patrimonios-mundiais","tag-postojna","tag-sarajevo","tag-split","tag-trogir","tag-zagreb"],"wps_subtitle":"","_links":{"self":[{"href":"https:\/\/grupomidia.com\/quemrealiza\/wp-json\/wp\/v2\/posts\/19002","targetHints":{"allow":["GET"]}}],"collection":[{"href":"https:\/\/grupomidia.com\/quemrealiza\/wp-json\/wp\/v2\/posts"}],"about":[{"href":"https:\/\/grupomidia.com\/quemrealiza\/wp-json\/wp\/v2\/types\/post"}],"author":[{"embeddable":true,"href":"https:\/\/grupomidia.com\/quemrealiza\/wp-json\/wp\/v2\/users\/1"}],"replies":[{"embeddable":true,"href":"https:\/\/grupomidia.com\/quemrealiza\/wp-json\/wp\/v2\/comments?post=19002"}],"version-history":[{"count":0,"href":"https:\/\/grupomidia.com\/quemrealiza\/wp-json\/wp\/v2\/posts\/19002\/revisions"}],"wp:featuredmedia":[{"embeddable":true,"href":"https:\/\/grupomidia.com\/quemrealiza\/wp-json\/wp\/v2\/media\/19005"}],"wp:attachment":[{"href":"https:\/\/grupomidia.com\/quemrealiza\/wp-json\/wp\/v2\/media?parent=19002"}],"wp:term":[{"taxonomy":"category","embeddable":true,"href":"https:\/\/grupomidia.com\/quemrealiza\/wp-json\/wp\/v2\/categories?post=19002"},{"taxonomy":"post_tag","embeddable":true,"href":"https:\/\/grupomidia.com\/quemrealiza\/wp-json\/wp\/v2\/tags?post=19002"}],"curies":[{"name":"wp","href":"https:\/\/api.w.org\/{rel}","templated":true}]}}