{"id":18597,"date":"2018-11-28T10:56:25","date_gmt":"2018-11-28T12:56:25","guid":{"rendered":"https:\/\/grupomidia.com\/revista-realizapremium\/?p=18597"},"modified":"2019-05-27T14:50:12","modified_gmt":"2019-05-27T17:50:12","slug":"viagem-pelo-mundo-sobre-duas-rodas","status":"publish","type":"post","link":"https:\/\/grupomidia.com\/quemrealiza\/viagem-pelo-mundo-sobre-duas-rodas\/","title":{"rendered":"Viagem pelo mundo sobre duas rodas"},"content":{"rendered":"<h3><em>Nada de \u00f4nibus, avi\u00e3o ou carro&#8230; Em busca de novas aventuras, fot\u00f3grafa viaja\u00a0o Brasil e o mundo de motocicleta<\/em><\/h3>\n<p>&nbsp;<\/p>\n<figure id=\"attachment_18600\" aria-describedby=\"caption-attachment-18600\" style=\"width: 335px\" class=\"wp-caption alignleft\"><img loading=\"lazy\" decoding=\"async\" class=\"wp-image-18600\" src=\"http:\/\/quemrealiza.grupomidia.com\/wp-content\/uploads\/2018\/11\/Estrada-Real-minas-gerais-683x1024.jpg\" alt=\"\" width=\"335\" height=\"503\" title=\"\" srcset=\"https:\/\/grupomidia.com\/quemrealiza\/wp-content\/uploads\/2018\/11\/Estrada-Real-minas-gerais-683x1024.jpg 683w, https:\/\/grupomidia.com\/quemrealiza\/wp-content\/uploads\/2018\/11\/Estrada-Real-minas-gerais-200x300.jpg 200w, https:\/\/grupomidia.com\/quemrealiza\/wp-content\/uploads\/2018\/11\/Estrada-Real-minas-gerais-768x1152.jpg 768w, https:\/\/grupomidia.com\/quemrealiza\/wp-content\/uploads\/2018\/11\/Estrada-Real-minas-gerais-300x450.jpg 300w, https:\/\/grupomidia.com\/quemrealiza\/wp-content\/uploads\/2018\/11\/Estrada-Real-minas-gerais.jpg 560w\" sizes=\"auto, (max-width: 335px) 100vw, 335px\" \/><figcaption id=\"caption-attachment-18600\" class=\"wp-caption-text\">Estrada Real minas gerais<\/figcaption><\/figure>\n<p>Conhecer novas culturas e pessoas diferentes, saborear\u00a0as mais variadas comidas e vivenciar muitas aventuras. Melhor ainda quando se decide experimentar tudo isso percorrendo o mundo sobre duas rodas. Foi com uma pequena moto, de 115 cilindradas, que a jornalista e fot\u00f3grafa Fernanda Rodrigues descobriu que poderia visitar os mais diferentes e pitorescos lugares no Brasil e no mundo sob uma outra perspectiva. Foi apenas a primeira de muitas viagens.<\/p>\n<p>A primeira aconteceu em 2013, quando Laurindo, o ent\u00e3o\u00a0namorado de Fernanda, sugeriu que os dois atravessassem a Cordilheira dos Andes de moto. \u201cEu achei a ideia genial. Rodamos 5 pa\u00edses da Am\u00e9rica do Sul com as duas scooters, de 115 cilindradas. Nessa viagem, e nunca mais larguei a paix\u00e3o por duas rodas\u201d, diz Fernanda.<\/p>\n<p>\u201cEu e meu namorado ficamos juntos por mais 4 anos ap\u00f3s essa viagem pelos Andes e continuamos viajando sempre. No Brasil, rodamos 14 mil quil\u00f4metros por 15 estados. Na Gr\u00e9cia, alugamos duas motos para conhecer a Ilha de Santorini\u201d, recorda-se Fernanda. Apesar do casal n\u00e3o estar mais junto, os dois continuam amigos, e compartilham fotos e hist\u00f3rias das viagens atrav\u00e9s de redes sociais.<\/p>\n<p>A fot\u00f3grafa conta que conheceu tamb\u00e9m a Tail\u00e2ndia e os\u00a0Estados Unidos de moto. \u201cFazer a ic\u00f4nica Rota 66 nos Estados Unidos sozinha tamb\u00e9m foi uma experi\u00eancia muito especial\u00a0para mim.\u201d Fernanda cita que um dos destinos tur\u00edsticos mais incr\u00edveis \u00a0j\u00e1 conheceu \u00e9 o Parque Estadual do Jalap\u00e3o, no Tocantins. \u201cFoi a estrada mais dif\u00edcil e mais marcante da minha vida de motociclista, al\u00e9m de o lugar ser indescritivelmente maravilhoso.\u201d<\/p>\n<p>Cada desafio enfrentados ao longo dos percursos motiva\u00a0Fernanda a apreciar mais ainda as viagens sobre duas rodas. \u201cO caminho pela Cordilheira dos Andes at\u00e9 o deserto do Atacama foi um exemplo. Marcou muito para mim por ser uma viagem linda. Mas n\u00e3o tem como negar: enfrentamos muitas dificuldades pelo pequeno tamanho das motos e por nossa inexperi\u00eancia\u201d, completa. Sempre que tem disponibilidade, a fot\u00f3grafa deixa a moto em dia, tra\u00e7a um destino que lhe encanta e p\u00e9 na t\u00e1bua, relata a fot\u00f3grafa, que confidencia: \u201ccomo motociclista aventureira, tenho como maior sonho rodar do Alaska ao Ushuaia\u201d.<\/p>\n<figure id=\"attachment_18601\" aria-describedby=\"caption-attachment-18601\" style=\"width: 398px\" class=\"wp-caption aligncenter\"><img loading=\"lazy\" decoding=\"async\" class=\"wp-image-18601\" src=\"http:\/\/quemrealiza.grupomidia.com\/wp-content\/uploads\/2018\/11\/Fernanda-Rodrigues-conhece-o-Grand-Canyon-nos-Estados-Unidos-819x1024.jpg\" alt=\"\" width=\"398\" height=\"554\" title=\"\"><figcaption id=\"caption-attachment-18601\" class=\"wp-caption-text\">Fernanda Rodrigues conhece o Grand Canyon, nos Estados Unidos<\/figcaption><\/figure>\n<p>&nbsp;<\/p>\n<figure id=\"attachment_18602\" aria-describedby=\"caption-attachment-18602\" style=\"width: 394px\" class=\"wp-caption aligncenter\"><img loading=\"lazy\" decoding=\"async\" class=\"wp-image-18602\" src=\"http:\/\/grupomidia.com\/quemrealiza\/wp-content\/uploads\/2018\/11\/Fernanda-Rodrigues-em-viagem-a-ArgentinaSusques-Argentina.jpg\" alt=\"\" width=\"394\" height=\"381\" title=\"\"><figcaption id=\"caption-attachment-18602\" class=\"wp-caption-text\">Fernanda Rodrigues em viagem a Argentina<\/figcaption><\/figure>\n<p>&nbsp;<\/p>\n<figure id=\"attachment_18603\" aria-describedby=\"caption-attachment-18603\" style=\"width: 409px\" class=\"wp-caption aligncenter\"><img loading=\"lazy\" decoding=\"async\" class=\"wp-image-18603\" src=\"http:\/\/quemrealiza.grupomidia.com\/wp-content\/uploads\/2018\/11\/Fernanda-Rodrigues-percorre-a-Rota-66-no-Arizona-1024x683.jpg\" alt=\"\" width=\"409\" height=\"276\" title=\"\"><figcaption id=\"caption-attachment-18603\" class=\"wp-caption-text\">Fernanda Rodrigues percorre a Rota 66, no Arizona<\/figcaption><\/figure>\n<figure id=\"attachment_18604\" aria-describedby=\"caption-attachment-18604\" style=\"width: 431px\" class=\"wp-caption aligncenter\"><img loading=\"lazy\" decoding=\"async\" class=\"wp-image-18604\" src=\"http:\/\/quemrealiza.grupomidia.com\/wp-content\/uploads\/2018\/11\/Fotografa-em-viagem-Chiang-Rai-na-Tail\u00e2ndia-tailandia-2-1024x768.jpg\" alt=\"\" width=\"431\" height=\"333\" title=\"\"><figcaption id=\"caption-attachment-18604\" class=\"wp-caption-text\">Fot\u00f3grafa em viagem na Tail\u00e2ndia<\/figcaption><\/figure>\n<p><a href=\"https:\/\/grupomidia.com\/revista-realizapremium\/versao-digital\/edicao-67-papai-youtuber\/mobile\/index.html\">Esta mat\u00e9ria foi publicada na 67\u00aa Revista Realiza Premium<\/a>.\t\t<\/p>\n","protected":false},"excerpt":{"rendered":"<p>Nada de \u00f4nibus, avi\u00e3o ou carro&#8230; Em busca de novas aventuras, fot\u00f3grafa viaja\u00a0o Brasil e o mundo de motocicleta &nbsp; Conhecer novas culturas e pessoas diferentes, saborear\u00a0as mais variadas comidas e vivenciar muitas aventuras. Melhor ainda quando se decide experimentar tudo isso percorrendo o mundo sobre duas rodas. Foi com uma pequena moto, de 115 [&hellip;]<\/p>\n","protected":false},"author":1,"featured_media":18599,"comment_status":"closed","ping_status":"closed","sticky":true,"template":"","format":"standard","meta":{"footnotes":""},"categories":[82],"tags":[152,39,243,47,303,310],"class_list":["post-18597","post","type-post","status-publish","format-standard","has-post-thumbnail","hentry","category-destino","tag-duas-rodas","tag-moto","tag-motociclista","tag-style","tag-turismo","tag-viagem"],"wps_subtitle":"","_links":{"self":[{"href":"https:\/\/grupomidia.com\/quemrealiza\/wp-json\/wp\/v2\/posts\/18597","targetHints":{"allow":["GET"]}}],"collection":[{"href":"https:\/\/grupomidia.com\/quemrealiza\/wp-json\/wp\/v2\/posts"}],"about":[{"href":"https:\/\/grupomidia.com\/quemrealiza\/wp-json\/wp\/v2\/types\/post"}],"author":[{"embeddable":true,"href":"https:\/\/grupomidia.com\/quemrealiza\/wp-json\/wp\/v2\/users\/1"}],"replies":[{"embeddable":true,"href":"https:\/\/grupomidia.com\/quemrealiza\/wp-json\/wp\/v2\/comments?post=18597"}],"version-history":[{"count":0,"href":"https:\/\/grupomidia.com\/quemrealiza\/wp-json\/wp\/v2\/posts\/18597\/revisions"}],"wp:featuredmedia":[{"embeddable":true,"href":"https:\/\/grupomidia.com\/quemrealiza\/wp-json\/wp\/v2\/media\/18599"}],"wp:attachment":[{"href":"https:\/\/grupomidia.com\/quemrealiza\/wp-json\/wp\/v2\/media?parent=18597"}],"wp:term":[{"taxonomy":"category","embeddable":true,"href":"https:\/\/grupomidia.com\/quemrealiza\/wp-json\/wp\/v2\/categories?post=18597"},{"taxonomy":"post_tag","embeddable":true,"href":"https:\/\/grupomidia.com\/quemrealiza\/wp-json\/wp\/v2\/tags?post=18597"}],"curies":[{"name":"wp","href":"https:\/\/api.w.org\/{rel}","templated":true}]}}